{"id":376521,"date":"2025-05-14T17:03:59","date_gmt":"2025-05-14T15:03:59","guid":{"rendered":"https:\/\/www.radioluna.it\/news\/?p=376521"},"modified":"2025-05-14T17:03:59","modified_gmt":"2025-05-14T15:03:59","slug":"concorso-internazionale-di-fotografia-citta-di-latina-al-via-la-settimana-clou","status":"publish","type":"post","link":"https:\/\/www.radioluna.it\/news\/2025\/05\/concorso-internazionale-di-fotografia-citta-di-latina-al-via-la-settimana-clou\/","title":{"rendered":"Concorso Internazionale di Fotografia Citt\u00e0 di Latina: al via la settimana clou"},"content":{"rendered":"<div id=\"fb-root\"><\/div>\n<p style=\"text-align: justify;\">Il Museo Duilio Cambellotti si prepara ad ospitare la settimana di punta della terza edizione del Concorso Internazionale di Fotografia Citt\u00e0 di Latina: dall\u2019arrivo di Chris Knight alle cerimonie di premiazione dei vincitori, dalla lectio magistralis di Fabio Bucciarelli agli immancabili appuntamenti tenuti da Associazioni e fotografi del territorio. Dopo il primo weekend all\u2019insegna delle quasi 2.000 presenze tra visitatori alle Mostre, scuole in visita e partecipanti agli eventi collaterali, ecco gli appuntamenti della seconda settimana:<\/p>\n<p style=\"text-align: justify;\">GIOVED\u00cc 15 MAGGIO ALLE ORE 16.00:<\/p>\n<p style=\"text-align: justify;\">&#8211; Workshop \u201cThe Psychology of the Portrait\u201d a cura di Chris Knight, per apprendere come creare ritratti straordinari, esplorando l\u2019interazione tra elementi psicologici e tecnici. Chris Knight condivider\u00e0 suggerimenti su come trovare l\u2019angolazione migliore, scegliere l\u2019obiettivo ideale e comprendere l\u2019importanza della posa, della composizione, dell\u2019illuminazione e dell\u2019outfit. L\u2019ingresso \u00e8 gratuito con prenotazione a info@concorsointernazionalefotografia.it<\/p>\n<p style=\"text-align: justify;\">VENERD\u00cc 16 MAGGIO ALLE ORE 17.00:<\/p>\n<p style=\"text-align: justify;\">&#8211; Presentazione ufficiale della Mostra fotografica \u201cGianni Berengo Gardin. Fotografo\u201d, a cura di Alessandra Mauro e Suleima Autore, con una rappresentanza della curatela.<\/p>\n<p style=\"text-align: justify;\">&#8211; Cerimonia di premiazione Sessione Fotografi. La Giuria, composta da Fabio Bucciarelli, Chris Knight, Lucia Spagnuolo e Massimiliano Tonelli, consegner\u00e0 personalmente i premi ai vincitori della terza edizione del Concorso Internazionale di Fotografia Citt\u00e0 di Latina.<\/p>\n<p style=\"text-align: justify;\">SABATO 17 MAGGIO ALLE ORE 17.00:<\/p>\n<p style=\"text-align: justify;\">&#8211; Cerimonia di premiazione Sessione speciale Francesco Mansutti con apertura del coro della Diaphor\u00e1 (Associazione di promozione sociale nata con l\u2019obiettivo di promuovere l\u2019integrazione socio-lavorativa delle persone con disabilit\u00e0), diretto dal Maestro Gianni Siragusa, che proporr\u00e0 una carrellata di grandi successi italiani e internazionali.<\/p>\n<p style=\"text-align: justify;\">SABATO 17 MAGGIO ALLE ORE 19.00:<\/p>\n<p style=\"text-align: justify;\">&#8211; Lectio magistralis di Fabio Bucciarelli. Uno sguardo unico e prezioso dentro il fotogiornalismo d\u2019autore: Fabio Bucciarelli guider\u00e0 i presenti alla scoperta di ci\u00f2 che lasciano dietro di s\u00e9 i conflitti, persone dimenticate, gli ultimi degli ultimi che non fanno pi\u00f9 notizia. L\u2019incontro sar\u00e0 l\u2019occasione per conoscere Fabio Bucciarelli e il suo lavoro che da anni lo vede impegnato in Israele, Cisgiordania, Ucraina, Libia, Siria, per documentare guerre, crisi umanitarie ed emergenza climatica.<\/p>\n<p style=\"text-align: justify;\">\n<p style=\"text-align: justify;\">DOMENICA 18 MAGGIO DALLE ORE 9.30 ALLE 13.00:<\/p>\n<p style=\"text-align: justify;\">&#8211; Uscita fotografica \u201cL\u2019invisibile tra luci e ombre\u201d con Factory10. Una mattinata per esplorare visivamente l\u2019energia interiore che risiede in ognuno noi, cercando di catturare i simboli emotivi che la rappresentano. Passeggiando tra le vie della citt\u00e0, verranno dati spunti creativi per stimolare suggestioni nuove, riflettere sulle proprie emozioni, dare forma alla connessione tra energia e interiorit\u00e0.<\/p>\n<p style=\"text-align: justify;\">DOMENICA 18 MAGGIO ALLE ORE 17.00:<\/p>\n<p style=\"text-align: justify;\">&#8211; Laboratorio in lingua inglese per bambini dai 5 anni \u201cFeel the Energy!\u201d. Bravo Bravissimo English Centre guider\u00e0 i pi\u00f9 piccoli in un laboratorio di storytelling che mette al centro il racconto in lingua inglese in modo divertente e coinvolgente.<\/p>\n<p style=\"text-align: justify;\">DOMENICA 18 MAGGIO ALLE ORE 18.30:<\/p>\n<p style=\"text-align: justify;\">&#8211; Incontro \u201cIl tempo \u00e8 seduto in giardino. Il quartiere Nicolosi a Latina\u201d a cura di Marianna Frattarelli, fotografie di Claudia Margaroli. Marianna Frattarelli ha intervistato i residenti del quartiere Nicolosi, fondato nel 1934 per ospitare gli operai giunti a Latina per terminare l\u2019opera di bonifica dell\u2019Agro Pontino. Una mappatura emotiva di un quartiere che rinasce tra difficolt\u00e0, pregiudizi, ricordi, legami e impegno, raccontato fotograficamente da Claudia Margaroli.<\/p>\n<p style=\"text-align: justify;\">Le Mostre del Concorso, sostenuto da Fondazione Roma, Comune di Latina, Informare e Camera di Commercio Frosinone Latina, sono visitabili tutti i giorni dalle ore 10.00 alle 13.00 e dalle 16.00 alle 20.00 con ingresso gratuito.<\/p>\n<p><strong>\u00a0<\/strong><\/p>\n<p>Per il programma completo: <a href=\"http:\/\/www.concorsointernazionalefotografia.it\">www.concorsointernazionalefotografia.it<\/a><\/p>\n<p>Facebook e Instagram: @cinfotolatina<\/p>\n","protected":false},"excerpt":{"rendered":"<p>Il Museo Duilio Cambellotti si prepara ad ospitare la settimana di punta della terza edizione del Concorso Internazionale di Fotografia Citt\u00e0 di Latina: dall\u2019arrivo di Chris Knight alle cerimonie di premiazione dei vincitori, dalla lectio magistralis di Fabio Bucciarelli agli immancabili appuntamenti tenuti da Associazioni e fotografi del territorio. Dopo il primo weekend all\u2019insegna delle [&hellip;]<\/p>\n","protected":false},"author":5443,"featured_media":376522,"comment_status":"open","ping_status":"open","sticky":false,"template":"","format":"standard","meta":{"footnotes":""},"categories":[16,734],"tags":[],"class_list":["post-376521","post","type-post","status-publish","format-standard","has-post-thumbnail","hentry","category-appuntamenti","category-evidenza"],"_links":{"self":[{"href":"https:\/\/www.radioluna.it\/news\/wp-json\/wp\/v2\/posts\/376521","targetHints":{"allow":["GET"]}}],"collection":[{"href":"https:\/\/www.radioluna.it\/news\/wp-json\/wp\/v2\/posts"}],"about":[{"href":"https:\/\/www.radioluna.it\/news\/wp-json\/wp\/v2\/types\/post"}],"author":[{"embeddable":true,"href":"https:\/\/www.radioluna.it\/news\/wp-json\/wp\/v2\/users\/5443"}],"replies":[{"embeddable":true,"href":"https:\/\/www.radioluna.it\/news\/wp-json\/wp\/v2\/comments?post=376521"}],"version-history":[{"count":1,"href":"https:\/\/www.radioluna.it\/news\/wp-json\/wp\/v2\/posts\/376521\/revisions"}],"predecessor-version":[{"id":376523,"href":"https:\/\/www.radioluna.it\/news\/wp-json\/wp\/v2\/posts\/376521\/revisions\/376523"}],"wp:featuredmedia":[{"embeddable":true,"href":"https:\/\/www.radioluna.it\/news\/wp-json\/wp\/v2\/media\/376522"}],"wp:attachment":[{"href":"https:\/\/www.radioluna.it\/news\/wp-json\/wp\/v2\/media?parent=376521"}],"wp:term":[{"taxonomy":"category","embeddable":true,"href":"https:\/\/www.radioluna.it\/news\/wp-json\/wp\/v2\/categories?post=376521"},{"taxonomy":"post_tag","embeddable":true,"href":"https:\/\/www.radioluna.it\/news\/wp-json\/wp\/v2\/tags?post=376521"}],"curies":[{"name":"wp","href":"https:\/\/api.w.org\/{rel}","templated":true}]}}