{"id":376604,"date":"2025-05-16T14:42:17","date_gmt":"2025-05-16T12:42:17","guid":{"rendered":"https:\/\/www.radioluna.it\/news\/?p=376604"},"modified":"2025-05-17T07:28:02","modified_gmt":"2025-05-17T05:28:02","slug":"villaggio-coldiretti-tutto-pronto-per-il-taglio-del-nastro","status":"publish","type":"post","link":"https:\/\/www.radioluna.it\/news\/2025\/05\/villaggio-coldiretti-tutto-pronto-per-il-taglio-del-nastro\/","title":{"rendered":"Villaggio Coldiretti, tutto pronto per il taglio del nastro"},"content":{"rendered":"<div id=\"fb-root\"><\/div>\n<p style=\"text-align: justify;\"><strong>LATINA &#8211; <\/strong>Tutto pronto nel centro di Latina dove venerd\u00ec 16 maggio sar\u00e0 inaugurato il \u201cVillaggio Coldiretti\u201d, evento dedicato all\u2019agricoltura a chilometri zero e alla promozione dei prodotti e delle realt\u00e0 locali. L\u2019iniziativa, promossa da Coldiretti Latina &#8216;\u00e8 stata sposata dal Comune con l&#8217;intento di mettere in rilievo il settore agricolo, valorizzare la filiera corta e\u00a0 sensibilizzare i cittadini di ogni et\u00e0 su alimentazione sana e sostenibilit\u00e0.<\/p>\n<p class=\"\" style=\"text-align: justify;\" data-start=\"647\" data-end=\"990\">La sindaca di Latina Celentano che inaugurer\u00e0 la manifestazione alle 18,30 di venerd\u00ec si \u00e8 detta orgogliosa di ospitare l&#8217;evento &#8220;che rafforza l\u2019identit\u00e0 agricola della nostra citt\u00e0&#8221;. Per l&#8217;assessore Cosentino \u00e8 importante promuovere &#8220;uno stile di vita sano e modelli di sviluppo sostenibili&#8221;.<\/p>\n<div id=\"articolo-ads-no-mobile\" style=\"text-align: justify;\"><\/div>\n<p style=\"text-align: justify;\">Oltre ai prodotti tipici, ci saranno gli agrichef, con le ricette della nonna, attivit\u00e0 per le scuole, laboratori, convegni, degustazioni e\u00a0 percorsi di conoscenza dell&#8217;olio e la presenza domenica dello chef Max Mariola. Anche la Asl sar\u00e0 presente con una sua area dove si far\u00e0 informazione e sensibilizzazione sulle tematiche della salute e degli stili di vita.<\/p>\n<p style=\"text-align: justify;\">AREA ASL LATINA\u00a0 &#8211; Ci sar\u00e0 anche\u00a0 un&#8217;area curata dal Dipartimento di Prevenzione della Asl di Latina\u00a0 per dare informazioni sulla prevenzione dei fattori di rischio per le Malattie Croniche non Trasmissibili (Diabete, patologie cardiovascolari, patologie oncologiche etc.); per la rilevazione dei parametri antropometrici (peso, altezza, calcolo dell&#8217;Indice di massa Corporea, circonferenza vita); la misurazione della pressione arteriosa; l&#8217;esecuzione di uno stick glicemico preferibilmente a digiuno ma non necessariamente, in quanto \u00e8 possibile effettuare la determinazione sia random (qualora il soggetto sia valutato dopo 3 ore dall\u2019ultimo pasto) sia post prandiale (qualora la valutazione del soggetto sia svolta entro 3 ore dall&#8217;ultimo pasto) e la valutazione con stick della colesterolemia (qualora non fossero disponibili esami \u00a0\u00a0\u00a0recenti, e comunque non anteriori a 6 mesi).<\/p>\n<p style=\"text-align: justify;\">Ai cittadini sar\u00e0 anche somministrato un questionario standardizzato finalizzato allo studio sugli stili di vita (fumo, alimentazione, attivit\u00e0 fisica) e, se presente uno o pi\u00f9 fattori di rischio, approfondimento con i test specifici con\u00a0 counselling breve (consiglio motivazionale). Sar\u00e0 possibile infine prenotare\u00a0l&#8217;esecuzione di screening oncologici (mammografia, screening per cancro cervice uterina e con-retto).<\/p>\n<p style=\"text-align: justify;\">Il taglio del nastro \u00e8 previsto alle 17 di venerd\u00ec in Piazza del Popolo<\/p>\n<p>IL PROGRAMMA &#8211; VENERD\u00cc 16 MAGGIO<\/p>\n<p>AREA PALCO:<\/p>\n<p>Ore 18,30\u2013 Taglio del nastro alla presenza delle Istituzioni<\/p>\n<p>a seguire il convegno: \u201cL\u2019agricoltura al centro: sfide e opportunit\u00e0 per il territorio\u201d<\/p>\n<p>Relatori: Matilde Celentano, Sindaco di Latina;<\/p>\n<p>Vittoria Ciaramella, Prefetto di Latina;<\/p>\n<p>Sen. Nicola Calandrini;<\/p>\n<p>Sen. Claudio Fazzone;<\/p>\n<p>Giancarlo Righini, Assessore regionale del Lazio al Bilancio e all\u2019Agricoltura;<\/p>\n<p>David Granieri, Presidente di Coldiretti Lazio;<\/p>\n<p>Daniele Pili, Presidente Coldiretti Latina;<\/p>\n<p>Andrea Renna, Direttore Generale Anbi Lazio;<\/p>\n<p>Modera \u2013 Francesca Cantini, giornalista Tg5;<\/p>\n<p>&nbsp;<\/p>\n<p>Ore 21.00 &#8211; 00.00 \u2013\u00a0 Esibizione gruppo musicale \u201c Time after time\u201d<\/p>\n<p>&nbsp;<\/p>\n<p>AREA FATTORIE DIDATTICHE<\/p>\n<p>Ore 17.00 \u2013 Apertura Fattoria Didattica a cure di Coldiretti Donne;<\/p>\n<p>Ore 17.00 \u2013 18.00: Fattoria didattica \u2013 Laboratori<\/p>\n<p>&nbsp;<\/p>\n<p>FATTORIA DEGLI ANIMALI<\/p>\n<p>Sar\u00e0 presente una piccola fattoria degli animali per i bambini con un asino, suini, anatre, conigli, oche e galline.<\/p>\n<p>&nbsp;<\/p>\n<p>AREA CUCINA CONTADINA<\/p>\n<p>Ore 17.00 \u2013 18.00: Presentazione di una ricetta a cura di un cuoco contadino;<\/p>\n<p>Ore 18.00 \u2013 19.00: Ricetta con prodotti locali e presenza delle aziende che li producono;<\/p>\n<p>Ore 19.00 \u2013 20.00: Scuola di cucina;<\/p>\n<p>&nbsp;<\/p>\n<p>AREA AGRISPA<\/p>\n<p>Spazio a cura delle Donne Coldiretti per consigli di bellezza con ingredienti naturali come miele, olio, erbe officinali, yogurt;<\/p>\n<p>CASA COLDIRETTI<\/p>\n<p>Ore 17.00 &#8211; 18.00: Inaugurazione<\/p>\n<p>Ore 18.00 &#8211; 19.00: Workshop \u201cIl futuro del florovivaismo e le potenzialit\u00e0 di un settore che rappresenta un\u2019eccellenza pontina\u201d<\/p>\n<p>Ore 19.00 &#8211; 20.00: Workshop \u201cFiliera bufalina: tecnologie innovative per il miglioramento genetico e potenzialit\u00e0 del settore\u201d<\/p>\n<p>&nbsp;<\/p>\n<p>AREA UNAPROL \u2013 OLEOTECA<\/p>\n<p>&nbsp;<\/p>\n<p>Ore 18.00 \u2013 19.00: Conoscere e riconoscere l\u2019olio evo di qualit\u00e0<\/p>\n<p>Ore 20.00 \u2013 21.00: Conoscere e riconoscere l\u2019olio evo di qualit\u00e0<\/p>\n<p>17 MAGGIO<\/p>\n<p>\u00b7\u00a0\u00a0\u00a0\u00a0\u00a0\u00a0\u00a0\u00a0 AREA VILLAGGIO<\/p>\n<p>&nbsp;<\/p>\n<p>Ore 10.00 \u2013 11.00: Alternanza di esibizione del Gruppo Sbandieratori di Cori<\/p>\n<p>Ore 14.00 \u2013 16.00: Alternanza di esibizione del Gruppo Sbandieratori di Cori<\/p>\n<p>&nbsp;<\/p>\n<p>\u00b7\u00a0\u00a0\u00a0\u00a0\u00a0\u00a0\u00a0\u00a0\u00a0\u00a0 AREA PALCO<\/p>\n<p>&nbsp;<\/p>\n<p>Ore 11:00 &#8211; 13.00: Convegno \u201cCibo e Salute, tra tradizione e innovazione\u201d<\/p>\n<p>Relatori: Daniele Pili, Presidente Coldiretti Latina;<\/p>\n<p>Riccardo Fargione, Direttore Fondazione Aletheia;<\/p>\n<p>Debora Rasio, Oncologa, nutrizionista. Ricercatrice Sapienza Universit\u00e0 di Roma;<\/p>\n<p>Silvia Pecere, Dirigente medico UOC Endoscopia digestiva chirurgica Policlinico A. Gemelli;<\/p>\n<p>Sara Checchelani, Ristorante stellato \u201cMateria prima\u201d di Pontinia;<\/p>\n<p>Conclusioni: David Granieri, Presidente Coldiretti Lazio e Vice-presidente Nazionale;<\/p>\n<p>Modera \u2013 Francesca Cantini, giornalista Tg5;<\/p>\n<p>&nbsp;<\/p>\n<p>Ore 21:30 \u2013 23:30: Intrattenimento Musicale \u201cLe Orme dei Pooh\u201d.<\/p>\n<p>&nbsp;<\/p>\n<p>\u00b7\u00a0\u00a0\u00a0\u00a0\u00a0\u00a0\u00a0\u00a0\u00a0\u00a0 AREA CUCINA CONTADINA<\/p>\n<p>Ore 10.00 &#8211; 11.00: Laboratorio del Casaro a cura del Caseificio \u201cPerseo\u201d<\/p>\n<p>Ore 11.00 &#8211; 12.00: Presentazione di una ricetta a cura dei cuochi contadini<\/p>\n<p>Ore 12.00 &#8211; 13.00: Degustazione prodotti locali di stagione a cura di Coldiretti Pesca<\/p>\n<p>Ore 16.00 &#8211; 17.00: Degustazione prodotti locali di stagione a cura di Coldiretti Pesca<\/p>\n<p>Ore 17.00 &#8211; 18.00: Scuola di cucina<\/p>\n<p>Ore 18.00 &#8211; 19.00: Preparazione di una ricetta contadina con prodotti locali e presenza delle aziende che li producono<\/p>\n<p>Ore 19.00 &#8211; 20.00: Scuola di cucina<\/p>\n<p>&nbsp;<\/p>\n<p>\u00b7\u00a0\u00a0\u00a0\u00a0\u00a0\u00a0\u00a0\u00a0\u00a0\u00a0 AREA FATTORIE DIDATTICHE<\/p>\n<p>Ore 10.00 \u2013 18.00: Fattoria didattica \u2013 Laboratori sulle api, sui semi antichi, sulla biodiversit\u00e0 e sulla semina delle piantine<\/p>\n<p>&nbsp;<\/p>\n<p>\u00b7\u00a0\u00a0\u00a0\u00a0\u00a0\u00a0\u00a0 FATTORIA DEGLI ANIMALI<\/p>\n<p>Sar\u00e0 presente una piccola fattoria degli animali per i bambini con un asino, suini, anatre, conigli, oche e galline.<\/p>\n<p>\u00b7\u00a0\u00a0\u00a0\u00a0\u00a0 AREA AGRISPA<\/p>\n<p>&nbsp;<\/p>\n<p>Spazio a cura delle Donne di Coldiretti per consigli di bellezza con ingredienti naturali come miele, olio, erbe officinali, yogurt.<\/p>\n<p>\u00b7\u00a0\u00a0\u00a0\u00a0\u00a0\u00a0\u00a0\u00a0\u00a0\u00a0 CASA COLDIRETTI<\/p>\n<p>&nbsp;<\/p>\n<p>Ore 10.00 \u2013 11.00: Workshop \u201cBiologico e biodinamico: principi e regole per una buona agricoltura\u201d<\/p>\n<p>Ore 11.00 \u2013 12.00: Workshop a cura di Coldiretti Pesca sulla \u201cSituazione delle infrastrutture portuali con focus sul porto di Terracina\u201d<\/p>\n<p>Ore 15.00 \u2013 16.00: Workshop a cura di Coldiretti Pesca sulla \u201cTracciabilit\u00e0 del pescato, con indicazioni su come riconoscere il pesce fresco\u201d<\/p>\n<p>Ore 16.00 \u2013 17.00: Workshop a cura di Epaca:\u201cPrevenzione delle malattie professionali e ruolo di Epaca nel sistema previdenziale e assistenziale\u201d.<\/p>\n<p>Ore 17.00 \u2013 18.00: Workshop \u201cProdotti biologici e biodinamici: cibo di qualit\u00e0 per la salute e per l\u2019ambiente\u201d<\/p>\n<p>Ore 18.00 \u2013 19.00: Workshop a cura di Donne Coldiretti Lazio con la delegata regionale, Caterina Ricci: \u201cIl ruolo delle donne in agricoltura: dall\u2019innovazione al sociale\u201d<\/p>\n<p>Ore 19.00 \u2013 20.00: Degustazioni vino \u2013 Masterclass: \u201cUn percorso tra i vitigni autoctoni della provincia di Latina\u201d a cura dell\u2019Associazione Strada del Vino<\/p>\n<p>&nbsp;<\/p>\n<p>\u00b7\u00a0\u00a0\u00a0\u00a0\u00a0\u00a0\u00a0\u00a0\u00a0\u00a0 AREA UNAPROL \u2013 OLEOTECA<\/p>\n<p>&nbsp;<\/p>\n<p>Ore 11.00 \u2013 12.00: Conoscere e riconoscere l\u2019olio evo di qualit\u00e0<\/p>\n<p>Ore 13.00 \u2013 14.00: Conoscere e riconoscere l\u2019olio evo di qualit\u00e0<\/p>\n<p>Ore 15.30 \u2013 16.30: Conoscere e riconoscere l\u2019olio evo di qualit\u00e0<\/p>\n<p>Ore 17.30 \u2013 18.30: Avvicinamento all\u2019analisi sensoriale per i Giovani Coldiretti<\/p>\n<p>Ore 19.30 \u2013 20.30: Conoscere e riconoscere l\u2019olio Evo di qualit\u00e0<\/p>\n<p>&nbsp;<\/p>\n<p>DOMENICA 18 MAGGIO (APERTURA ORE 10.00 FINO ALLE ORE 21.00)<\/p>\n<p>\u00b7\u00a0\u00a0\u00a0\u00a0\u00a0\u00a0\u00a0\u00a0\u00a0\u00a0 AREA PALCO<\/p>\n<p>Ore 8.30 \u2013 9.30 Arrivo e accoglienza scuole presso Info Point e distribuzione kit gara<\/p>\n<p>Ore 10.10 &#8211; 10.30 Sfilata scuole<\/p>\n<p>Ore 10.30 \u2013 11.00 Inno nazionale e saluti del Presidente di Coldiretti Latina, Daniele Pili;<\/p>\n<p>11:10-12:30 CONTEST SCOLASTICO \u2013 TESORI PONTINI<\/p>\n<p>\u00b7\u00a0\u00a0\u00a0\u00a0\u00a0\u00a0\u00a0\u00a0\u00a0\u00a0 Gare tra Istituti scolastici<\/p>\n<p>11.10 -11.30 &#8211; PRIMA GARA: Prova sulla corretta alimentazione<\/p>\n<p>&#8211; manche 1 (12 domande &#8211; tempo 3\u2019)<br \/>\n&#8211; manche 2 (12 domande &#8211; tempo 3\u2019)<\/p>\n<p>11.40 \u2013 12.00 SECONDA PROVA Prodotti- piatti tipici provincia<\/p>\n<p>&#8211; manche 1 (12 domande &#8211; tempo 3\u2019)<br \/>\n&#8211; manche 2 (12 domande &#8211; tempo 3\u2019)<\/p>\n<p>12.10 \u2013 12.30 TERZA PROVA Cultura generale<\/p>\n<p>&#8211; manche 1 (12 domande &#8211; tempo 3\u2019)<\/p>\n<p>&#8211; manche 2 (12 domande &#8211; tempo 3\u2019)<\/p>\n<p>12.45 \u2013 13.30 Esibizione dello chef e conduttore televisivo Max Mariola:<\/p>\n<p>\u00b7\u00a0\u00a0\u00a0\u00a0\u00a0\u00a0\u00a0\u00a0 Presentazione e proposta delle sue ricette dal vivo<\/p>\n<p>\u00b7\u00a0\u00a0\u00a0\u00a0\u00a0\u00a0\u00a0\u00a0 Spiegher\u00e0 come si prepara il panino \u201cLatina Sandwich\u201d<\/p>\n<p>&nbsp;<\/p>\n<p>Ore 13.30 \u2013 15.00 Max Mariola visiter\u00e0 gli stand delle scuole e dar\u00e0 i voti ai banchetti allestiti con prodotti e piatti tipici.<\/p>\n<p>Le votazioni riguarderanno:<\/p>\n<p>1) L\u2019impiattamento<\/p>\n<p>2) La descrizione dei prodotti<\/p>\n<p>3) Assaggio e gusto<\/p>\n<p>&nbsp;<\/p>\n<p>Ore 17.00 \u2013 17.30 Proclamazione Vincitori e Festa finale<\/p>\n<p>&nbsp;<\/p>\n<p>Sul Palco il Presidente Coldiretti Latina, Daniele Pili ed il Sindaco Matilde Celentano \u00a0proclameranno i vincitori del concorso scolastico \u201cTesori Pontini\u201d<\/p>\n<p>&nbsp;<\/p>\n<p>Ore 17.30 \u2013 18.30: Esibizione del coro \u201cPiceno Pop Chorus\u201d<\/p>\n<p>Ore 18:00 &#8211; 21:00: Dj Federico Schivo<\/p>\n<p>&nbsp;<\/p>\n<p>\u00b7\u00a0\u00a0\u00a0\u00a0\u00a0\u00a0\u00a0\u00a0\u00a0\u00a0 CASA COLDIRETTI<\/p>\n<p>&nbsp;<\/p>\n<p>Ore 11.00 \u2013 12.00: Workshop a cura di Coldiretti Giovani Impresa Lazio con la delegata regionale, Camilla Petrucci: \u201cOscar Green e storie di successo: i progetti dei giovani vincitori del concorso che premia le idee innovative degli imprenditori agricoli\u201d<\/p>\n<p>Ore 13.00 \u2013 16.00 : Pausa<\/p>\n<p>Ore 16.30 \u2013 17.30: Workshop \u201cSistema Agroalimentare. Le nuove narrazioni del territorio pontino &#8211; Talk a cura di ITS Academy Bio Campus\u201d<\/p>\n<p>Ore 17.30 \u2013 18.30: Workshop \u201cInfoPac\u201d<\/p>\n<p>Ore 19.00 \u2013 20.00: Degustazioni vino \u2013 Masterclass \u201cUn percorso tra i vitigni autoctoni della provincia di Latina\u201d a cura dell\u2019Associazione Strada del Vino<\/p>\n<p>&nbsp;<\/p>\n<p>\u00b7\u00a0\u00a0\u00a0 AREA FATTORIE DIDATTICHE<\/p>\n<p>&nbsp;<\/p>\n<p>Ore 10.00 \u2013 18.00: Fattoria didattica &#8211; Laboratori sulle api, sui semi antichi, sulla biodiversit\u00e0 e sulla semina delle piantine<\/p>\n<p>&nbsp;<\/p>\n<p>\u00b7\u00a0\u00a0\u00a0\u00a0\u00a0\u00a0\u00a0 FATTORIA DEGLI ANIMALI<\/p>\n<p>&nbsp;<\/p>\n<p>Sar\u00e0 presente una piccola fattoria degli animali per i bambini con un asino, suini, anatre, conigli, oche e galline<\/p>\n<p>&nbsp;<\/p>\n<p>\u00b7\u00a0\u00a0\u00a0 AREA CUCINA CONTADINA<\/p>\n<p>&nbsp;<\/p>\n<p>Ore 10.00 &#8211; 11.00: \u201cLaboratorio del casaro\u201d a cura del caseificio \u201cIl Fontanile\u201d<\/p>\n<p>Ore 11.00 &#8211; 12.00: Scuola di cucina<\/p>\n<p>Ore 12.00 &#8211; 13.00: Presentazione di una ricetta a cura dei cuochi contadini<\/p>\n<p>Ore 16.00 &#8211; 17.00: Presentazione di una ricetta a cura dei cuochi contadini<\/p>\n<p>Ore 17.00 &#8211; 18.00: Scuola di cucina<\/p>\n<p>Ore 18.00 &#8211; 19.00: Presentazione di una ricetta a cura dei cuochi contadini<\/p>\n<p>Ore 19.00 \u2013 20.00: Scuola di cucina<\/p>\n<p>&nbsp;<\/p>\n<p>\u00b7\u00a0\u00a0\u00a0\u00a0\u00a0 AREA UNAPROL \u2013 OLEOTECA<\/p>\n<p>&nbsp;<\/p>\n<p>Ore 11.00 \u2013 12.00: Conoscere e riconoscere l\u2019olio evo di qualit\u00e0<\/p>\n<p>Ore 13.00 \u2013 14.00: Conoscere e riconoscere l\u2019olio evo di qualit\u00e0<\/p>\n<p>Ore 15.30 \u2013 16.30: Conoscere e riconoscere l\u2019olio evo di qualit\u00e0<\/p>\n<p>Ore 17.30 \u2013 18.30: Avvicinamento all\u2019analisi sensoriale per i Giovani Coldiretti<\/p>\n<p>&nbsp;<\/p>\n","protected":false},"excerpt":{"rendered":"<p>LATINA &#8211; Tutto pronto nel centro di Latina dove venerd\u00ec 16 maggio sar\u00e0 inaugurato il \u201cVillaggio Coldiretti\u201d, evento dedicato all\u2019agricoltura a chilometri zero e alla promozione dei prodotti e delle realt\u00e0 locali. L\u2019iniziativa, promossa da Coldiretti Latina &#8216;\u00e8 stata sposata dal Comune con l&#8217;intento di mettere in rilievo il settore agricolo, valorizzare la filiera corta [&hellip;]<\/p>\n","protected":false},"author":60,"featured_media":376605,"comment_status":"open","ping_status":"open","sticky":false,"template":"","format":"gallery","meta":{"footnotes":""},"categories":[16],"tags":[],"class_list":["post-376604","post","type-post","status-publish","format-gallery","has-post-thumbnail","hentry","category-appuntamenti","post_format-post-format-gallery"],"_links":{"self":[{"href":"https:\/\/www.radioluna.it\/news\/wp-json\/wp\/v2\/posts\/376604","targetHints":{"allow":["GET"]}}],"collection":[{"href":"https:\/\/www.radioluna.it\/news\/wp-json\/wp\/v2\/posts"}],"about":[{"href":"https:\/\/www.radioluna.it\/news\/wp-json\/wp\/v2\/types\/post"}],"author":[{"embeddable":true,"href":"https:\/\/www.radioluna.it\/news\/wp-json\/wp\/v2\/users\/60"}],"replies":[{"embeddable":true,"href":"https:\/\/www.radioluna.it\/news\/wp-json\/wp\/v2\/comments?post=376604"}],"version-history":[{"count":3,"href":"https:\/\/www.radioluna.it\/news\/wp-json\/wp\/v2\/posts\/376604\/revisions"}],"predecessor-version":[{"id":376659,"href":"https:\/\/www.radioluna.it\/news\/wp-json\/wp\/v2\/posts\/376604\/revisions\/376659"}],"wp:featuredmedia":[{"embeddable":true,"href":"https:\/\/www.radioluna.it\/news\/wp-json\/wp\/v2\/media\/376605"}],"wp:attachment":[{"href":"https:\/\/www.radioluna.it\/news\/wp-json\/wp\/v2\/media?parent=376604"}],"wp:term":[{"taxonomy":"category","embeddable":true,"href":"https:\/\/www.radioluna.it\/news\/wp-json\/wp\/v2\/categories?post=376604"},{"taxonomy":"post_tag","embeddable":true,"href":"https:\/\/www.radioluna.it\/news\/wp-json\/wp\/v2\/tags?post=376604"}],"curies":[{"name":"wp","href":"https:\/\/api.w.org\/{rel}","templated":true}]}}