{"id":377457,"date":"2025-05-26T08:03:13","date_gmt":"2025-05-26T06:03:13","guid":{"rendered":"https:\/\/www.radioluna.it\/news\/?p=377457"},"modified":"2025-05-27T13:43:56","modified_gmt":"2025-05-27T11:43:56","slug":"itri-nella-prima-giornata-di-voto-amministrativo-affluenza-al-4805-in-salita","status":"publish","type":"post","link":"https:\/\/www.radioluna.it\/news\/2025\/05\/itri-nella-prima-giornata-di-voto-amministrativo-affluenza-al-4805-in-salita\/","title":{"rendered":"Itri, nella prima giornata di voto amministrativo affluenza al 48,05% in salita"},"content":{"rendered":"<div id=\"fb-root\"><\/div>\n<p style=\"text-align: justify;\"><strong>ITRI &#8211;<\/strong> Il 48,05% dei cittadini di Itri ha votato nella prima giornata delle elezioni amministrative superando l\u2019affluenza delle precedenti elezioni di un punto. Il dato \u00e8 stato pubblicato poco dopo le 23\u00a0 dalla prefettura di Latina e questa mattina alle 7 si sono aperte nuovamente le urne dalle quali nella prima parte del pomeriggio uscir\u00e0 il nome del prossimo sindaco tra i quattro candidati. Poi seguir\u00e0 lo spoglio delle preferenze dei 59 candidati di cui i 16 pi\u00f9 votati comporranno il prossimo consiglio comunale del comune aurunco.<\/p>\n<div class=\"radio-posizionamento-telefono-in-articoli-dopo-il-contenuto-articolo radio-entity-placement\" id=\"radio-4147238914\"><div id=\"radio-4139430399\"><a href=\"https:\/\/grupporedi.it\/\" aria-label=\"Redi-Qr\"><img loading=\"lazy\" decoding=\"async\" src=\"https:\/\/www.radioluna.it\/news\/wp-content\/uploads\/2026\/03\/Redi-Qr.jpg\" alt=\"\"  srcset=\"https:\/\/www.radioluna.it\/news\/wp-content\/uploads\/2026\/03\/Redi-Qr.jpg 800w, https:\/\/www.radioluna.it\/news\/wp-content\/uploads\/2026\/03\/Redi-Qr-768x639.jpg 768w\" sizes=\"(max-width: 800px) 100vw, 800px\" width=\"300\" height=\"250\"   \/><\/a><\/div><\/div>","protected":false},"excerpt":{"rendered":"<p>ITRI &#8211; Il 48,05% dei cittadini di Itri ha votato nella prima giornata delle elezioni amministrative superando l\u2019affluenza delle precedenti elezioni di un punto. Il dato \u00e8 stato pubblicato poco dopo le 23\u00a0 dalla prefettura di Latina e questa mattina alle 7 si sono aperte nuovamente le urne dalle quali nella prima parte del pomeriggio [&hellip;]<\/p>\n","protected":false},"author":62,"featured_media":377458,"comment_status":"open","ping_status":"open","sticky":false,"template":"","format":"standard","meta":{"footnotes":""},"categories":[8],"tags":[],"class_list":["post-377457","post","type-post","status-publish","format-standard","has-post-thumbnail","hentry","category-politica"],"_links":{"self":[{"href":"https:\/\/www.radioluna.it\/news\/wp-json\/wp\/v2\/posts\/377457","targetHints":{"allow":["GET"]}}],"collection":[{"href":"https:\/\/www.radioluna.it\/news\/wp-json\/wp\/v2\/posts"}],"about":[{"href":"https:\/\/www.radioluna.it\/news\/wp-json\/wp\/v2\/types\/post"}],"author":[{"embeddable":true,"href":"https:\/\/www.radioluna.it\/news\/wp-json\/wp\/v2\/users\/62"}],"replies":[{"embeddable":true,"href":"https:\/\/www.radioluna.it\/news\/wp-json\/wp\/v2\/comments?post=377457"}],"version-history":[{"count":1,"href":"https:\/\/www.radioluna.it\/news\/wp-json\/wp\/v2\/posts\/377457\/revisions"}],"predecessor-version":[{"id":377460,"href":"https:\/\/www.radioluna.it\/news\/wp-json\/wp\/v2\/posts\/377457\/revisions\/377460"}],"wp:featuredmedia":[{"embeddable":true,"href":"https:\/\/www.radioluna.it\/news\/wp-json\/wp\/v2\/media\/377458"}],"wp:attachment":[{"href":"https:\/\/www.radioluna.it\/news\/wp-json\/wp\/v2\/media?parent=377457"}],"wp:term":[{"taxonomy":"category","embeddable":true,"href":"https:\/\/www.radioluna.it\/news\/wp-json\/wp\/v2\/categories?post=377457"},{"taxonomy":"post_tag","embeddable":true,"href":"https:\/\/www.radioluna.it\/news\/wp-json\/wp\/v2\/tags?post=377457"}],"curies":[{"name":"wp","href":"https:\/\/api.w.org\/{rel}","templated":true}]}}