{"id":377575,"date":"2025-05-27T09:24:30","date_gmt":"2025-05-27T07:24:30","guid":{"rendered":"https:\/\/www.radioluna.it\/news\/?p=377575"},"modified":"2025-05-27T13:42:23","modified_gmt":"2025-05-27T11:42:23","slug":"qualita-della-vita-2025-latina-si-conferma-fanalino-di-coda-nelle-classifiche-su-bambini-giovani-e-anziani","status":"publish","type":"post","link":"https:\/\/www.radioluna.it\/news\/2025\/05\/qualita-della-vita-2025-latina-si-conferma-fanalino-di-coda-nelle-classifiche-su-bambini-giovani-e-anziani\/","title":{"rendered":"Qualit\u00e0 della vita 2025, Latina si conferma fanalino di coda nelle classifiche su bambini, giovani e anziani"},"content":{"rendered":"<div id=\"fb-root\"><\/div>\n<p data-start=\"228\" data-end=\"613\">La provincia di Latina si conferma un territorio ostico per le fasce d\u2019et\u00e0 pi\u00f9 fragili della popolazione: bambini, giovani e anziani. \u00c8 quanto emerge dall\u2019edizione 2025 dell\u2019indagine <em data-start=\"411\" data-end=\"447\">Qualit\u00e0 della vita per fasce d\u2019et\u00e0<\/em> pubblicata dal <em data-start=\"463\" data-end=\"476\">Sole 24 Ore<\/em>, che misura il benessere generazionale nelle 107 province italiane, analizzando dati e indicatori statistici forniti da fonti ufficiali. Latina figura nelle posizioni pi\u00f9 basse di tutte e tre le classifiche dedicate, con performance che peggiorano rispetto all\u2019anno precedente per bambini e giovani, mentre rimangono stabili per quanto riguarda gli anziani. Un risultato allarmante che sottolinea la necessit\u00e0 di interventi mirati per migliorare i servizi e le opportunit\u00e0 offerte a queste categorie.<\/p>\n<h4 data-start=\"980\" data-end=\"1025\">Bambini (0-14 anni): Latina al 96\u00b0 posto<\/h4>\n<p data-start=\"1026\" data-end=\"1526\">Per i pi\u00f9 piccoli, la provincia pontina si colloca al 96\u00b0 posto, perdendo tre posizioni rispetto al 2024. Tra i punti critici: la scarsit\u00e0 di edifici scolastici dotati di mensa (102\u00b0 posto) e palestra (86\u00b0), un elevato numero di reati denunciati a danno dei minori (98\u00b0), una carenza di pediatri (92\u00b0), scarsa fruizione dei servizi comunali per l\u2019infanzia (89\u00b0), poco spazio abitativo (85\u00b0) e verde attrezzato (78\u00b0). A completare il quadro, una tra le rette pi\u00f9 alte d\u2019Italia per la mensa scolastica.<\/p>\n<h4 data-start=\"1528\" data-end=\"1583\">Giovani (18-35 anni): Latina scivola al 103\u00b0 posto<\/h4>\n<p data-start=\"1584\" data-end=\"2050\">La situazione \u00e8 ancora pi\u00f9 critica per i giovani: Latina precipita al 103\u00b0 posto, ben dodici posizioni in meno rispetto all&#8217;anno scorso. Il territorio si distingue in negativo per il basso numero di laureati (100\u00b0), la scarsa offerta culturale e ricreativa (103\u00b0 per eventi e spettacoli), la debole presenza di amministratori comunali under 40 (91\u00b0) e per il dato sulla disoccupazione giovanile (80\u00b0). Unico dato positivo: il 20\u00b0 posto per l\u2019imprenditoria giovanile.<\/p>\n<h4 data-start=\"2052\" data-end=\"2096\">Anziani (over 65): Latina all\u201987\u00b0 posto<\/h4>\n<p data-start=\"2097\" data-end=\"2591\">La classifica dedicata alla popolazione anziana assegna a Latina l\u201987\u00b0 posizione, una in meno rispetto all&#8217;anno precedente. Il territorio sconta una grave carenza di geriatri (100\u00b0 posto), poche biblioteche (105\u00b0), bassa fruizione dei servizi comunali (89\u00b0) e una speranza di vita a 65 anni al 75\u00b0 posto. Meno drammatici ma comunque lontani dai vertici gli altri indicatori: 81\u00b0 posto per posti letto nelle RSA, 70\u00b0 per l\u2019importo medio delle pensioni, 13\u00b0 per consumo di farmaci antidepressivi.<\/p>\n<p data-start=\"2649\" data-end=\"3158\">Il quadro delineato dal report del <em data-start=\"2684\" data-end=\"2697\">Sole 24 Ore<\/em> non lascia spazio a interpretazioni: la provincia di Latina ha ampi margini di miglioramento nell\u2019offerta di servizi essenziali, nell\u2019inclusione sociale e nella qualit\u00e0 della vita quotidiana di bambini, giovani e anziani. Un segnale che dovrebbe orientare con urgenza l\u2019agenda politica e amministrativa verso investimenti concreti, soprattutto alla luce delle opportunit\u00e0 offerte dal PNRR, in un Paese che fatica sempre pi\u00f9 a rispondere alla crisi demografica.<\/p>\n<div class=\"radio-posizionamento-telefono-in-articoli-dopo-il-contenuto-articolo radio-entity-placement\" id=\"radio-290787420\"><div id=\"radio-834115727\" style=\"width: 300px;height: 250px;\"><a href=\"https:\/\/www.icarspa.it\/auto\/usate\/latina\/\" aria-label=\"banner aprile icar new life &#8211; auto usate latina\"><img loading=\"lazy\" decoding=\"async\" src=\"https:\/\/www.radioluna.it\/news\/wp-content\/uploads\/2026\/02\/banner-aprile-icar-new-life-auto-usate-latina.gif\" alt=\"\"  width=\"300\" height=\"250\"   \/><\/a><\/div><\/div>","protected":false},"excerpt":{"rendered":"<p>La provincia di Latina si conferma un territorio ostico per le fasce d\u2019et\u00e0 pi\u00f9 fragili della popolazione: bambini, giovani e anziani. \u00c8 quanto emerge dall\u2019edizione 2025 dell\u2019indagine Qualit\u00e0 della vita per fasce d\u2019et\u00e0 pubblicata dal Sole 24 Ore, che misura il benessere generazionale nelle 107 province italiane, analizzando dati e indicatori statistici forniti da fonti [&hellip;]<\/p>\n","protected":false},"author":5443,"featured_media":377576,"comment_status":"open","ping_status":"open","sticky":false,"template":"","format":"standard","meta":{"footnotes":""},"categories":[7,2428],"tags":[],"class_list":["post-377575","post","type-post","status-publish","format-standard","has-post-thumbnail","hentry","category-cronaca","category-primo-piano"],"_links":{"self":[{"href":"https:\/\/www.radioluna.it\/news\/wp-json\/wp\/v2\/posts\/377575","targetHints":{"allow":["GET"]}}],"collection":[{"href":"https:\/\/www.radioluna.it\/news\/wp-json\/wp\/v2\/posts"}],"about":[{"href":"https:\/\/www.radioluna.it\/news\/wp-json\/wp\/v2\/types\/post"}],"author":[{"embeddable":true,"href":"https:\/\/www.radioluna.it\/news\/wp-json\/wp\/v2\/users\/5443"}],"replies":[{"embeddable":true,"href":"https:\/\/www.radioluna.it\/news\/wp-json\/wp\/v2\/comments?post=377575"}],"version-history":[{"count":1,"href":"https:\/\/www.radioluna.it\/news\/wp-json\/wp\/v2\/posts\/377575\/revisions"}],"predecessor-version":[{"id":377578,"href":"https:\/\/www.radioluna.it\/news\/wp-json\/wp\/v2\/posts\/377575\/revisions\/377578"}],"wp:featuredmedia":[{"embeddable":true,"href":"https:\/\/www.radioluna.it\/news\/wp-json\/wp\/v2\/media\/377576"}],"wp:attachment":[{"href":"https:\/\/www.radioluna.it\/news\/wp-json\/wp\/v2\/media?parent=377575"}],"wp:term":[{"taxonomy":"category","embeddable":true,"href":"https:\/\/www.radioluna.it\/news\/wp-json\/wp\/v2\/categories?post=377575"},{"taxonomy":"post_tag","embeddable":true,"href":"https:\/\/www.radioluna.it\/news\/wp-json\/wp\/v2\/tags?post=377575"}],"curies":[{"name":"wp","href":"https:\/\/api.w.org\/{rel}","templated":true}]}}