{"id":378032,"date":"2025-06-01T08:30:50","date_gmt":"2025-06-01T06:30:50","guid":{"rendered":"https:\/\/www.radioluna.it\/news\/?p=378032"},"modified":"2025-06-02T12:16:11","modified_gmt":"2025-06-02T10:16:11","slug":"le-celebrazioni-per-la-festa-della-repubblica-latina-si-prepara","status":"publish","type":"post","link":"https:\/\/www.radioluna.it\/news\/2025\/06\/le-celebrazioni-per-la-festa-della-repubblica-latina-si-prepara\/","title":{"rendered":"Le celebrazioni per la Festa della Repubblica, Latina si prepara"},"content":{"rendered":"<div id=\"fb-root\"><\/div>\n<p>Latina si prepara alla celebrazioni, per il 2 giugno,  per il  79\u00b0 anniversario della Fondazione della Repubblica e la Prefettura di Latina ha promosso una serie di iniziative di celebrazione, che sono state realizzate con la partecipazione del Comune di Latina, della Provincia, dell\u2019Aeronautica Militare, del Comando Artiglieria Controaerei di Sabaudia e dei Vigili del Fuoco.<br \/>\nLa manifestazione avr\u00e0 inizio alle ore 9.30, in Piazza della Libert\u00e0, con lo schieramento delle formazioni delle Forze Armate, delle Forze di Polizia, dei Gonfaloni dei Comuni e dei Labari e dei Vessilli delle Associazioni Combattentistiche e d\u2019Arma e di Protezione Civile, per gli onori alla massima Autorit\u00e0 di Governo, cui faranno seguito la cerimonia dell\u2019alzabandiera e la lettura del messaggio del Presidente della Repubblica. <\/p>\n<p>A seguire, il Prefetto Vittoria Ciaramella consegner\u00e0 i diplomi delle Onorificenze al Merito della Repubblica Italiana a 15 cittadini della provincia di Latina, che si sono distinti per l\u2019impegno civile, per la solidariet\u00e0, per il servizio alla comunit\u00e0, per la promozione della cultura e per la cura dei pi\u00f9 fragili.<br \/>\nParticolarmente significativa sar\u00e0 la consegna di una copia della Costituzione della Repubblica Italiana ad un giovane ragazzo di Latina che proprio il 2 giugno compir\u00e0 18 anni. <\/p>\n<p>La cerimonia si concluder\u00e0 con i Vigili del Fuoco che dispiegheranno il vessillo tricolore e gli sbandieratori dei Rioni di Cori che si esibiranno davanti alle Autorit\u00e0 e al pubblico presente in Piazza della Libert\u00e0. E\u2019 prevista la partecipazione alla cerimonia degli alunni delle scuole primarie e secondarie del capoluogo, nonch\u00e9 di un gruppo di bambini ucraini, tra gli 8 e i 16 anni, figli di poliziotti deceduti durante l\u2019attuale conflitto.<br \/>\nIn Piazza della Libert\u00e0 sar\u00e0, altres\u00ec, allestita dalle Forze Armate una mostra statica dei mezzi militari. Il manifesto celebrativo della ricorrenza, che si allega, \u00e8 stato realizzato dagli alunni dell\u2019I.S.I.S.S. Teodosio Rossi di Priverno. <\/p>\n<p><img loading=\"lazy\" decoding=\"async\" src=\"https:\/\/www.radioluna.it\/news\/wp-content\/uploads\/2025\/06\/manifesto-2025.jpg\" alt=\"\" width=\"1357\" height=\"1920\" class=\"alignnone size-full wp-image-378033\" srcset=\"https:\/\/www.radioluna.it\/news\/wp-content\/uploads\/2025\/06\/manifesto-2025.jpg 1357w, https:\/\/www.radioluna.it\/news\/wp-content\/uploads\/2025\/06\/manifesto-2025-768x1087.jpg 768w, https:\/\/www.radioluna.it\/news\/wp-content\/uploads\/2025\/06\/manifesto-2025-1086x1536.jpg 1086w\" sizes=\"auto, (max-width: 1357px) 100vw, 1357px\" \/><\/p>\n","protected":false},"excerpt":{"rendered":"<p>Latina si prepara alla celebrazioni, per il 2 giugno, per il 79\u00b0 anniversario della Fondazione della Repubblica e la Prefettura di Latina ha promosso una serie di iniziative di celebrazione, che sono state realizzate con la partecipazione del Comune di Latina, della Provincia, dell\u2019Aeronautica Militare, del Comando Artiglieria Controaerei di Sabaudia e dei Vigili del [&hellip;]<\/p>\n","protected":false},"author":5444,"featured_media":378034,"comment_status":"open","ping_status":"open","sticky":false,"template":"","format":"standard","meta":{"footnotes":""},"categories":[15],"tags":[],"class_list":["post-378032","post","type-post","status-publish","format-standard","has-post-thumbnail","hentry","category-cultura"],"_links":{"self":[{"href":"https:\/\/www.radioluna.it\/news\/wp-json\/wp\/v2\/posts\/378032","targetHints":{"allow":["GET"]}}],"collection":[{"href":"https:\/\/www.radioluna.it\/news\/wp-json\/wp\/v2\/posts"}],"about":[{"href":"https:\/\/www.radioluna.it\/news\/wp-json\/wp\/v2\/types\/post"}],"author":[{"embeddable":true,"href":"https:\/\/www.radioluna.it\/news\/wp-json\/wp\/v2\/users\/5444"}],"replies":[{"embeddable":true,"href":"https:\/\/www.radioluna.it\/news\/wp-json\/wp\/v2\/comments?post=378032"}],"version-history":[{"count":1,"href":"https:\/\/www.radioluna.it\/news\/wp-json\/wp\/v2\/posts\/378032\/revisions"}],"predecessor-version":[{"id":378035,"href":"https:\/\/www.radioluna.it\/news\/wp-json\/wp\/v2\/posts\/378032\/revisions\/378035"}],"wp:featuredmedia":[{"embeddable":true,"href":"https:\/\/www.radioluna.it\/news\/wp-json\/wp\/v2\/media\/378034"}],"wp:attachment":[{"href":"https:\/\/www.radioluna.it\/news\/wp-json\/wp\/v2\/media?parent=378032"}],"wp:term":[{"taxonomy":"category","embeddable":true,"href":"https:\/\/www.radioluna.it\/news\/wp-json\/wp\/v2\/categories?post=378032"},{"taxonomy":"post_tag","embeddable":true,"href":"https:\/\/www.radioluna.it\/news\/wp-json\/wp\/v2\/tags?post=378032"}],"curies":[{"name":"wp","href":"https:\/\/api.w.org\/{rel}","templated":true}]}}