{"id":378252,"date":"2025-06-04T08:11:57","date_gmt":"2025-06-04T06:11:57","guid":{"rendered":"https:\/\/www.radioluna.it\/news\/?p=378252"},"modified":"2025-06-04T08:11:57","modified_gmt":"2025-06-04T06:11:57","slug":"lo-schiacciatore-brasiliano-daniel-muniz-al-cisterna-volley","status":"publish","type":"post","link":"https:\/\/www.radioluna.it\/news\/2025\/06\/lo-schiacciatore-brasiliano-daniel-muniz-al-cisterna-volley\/","title":{"rendered":"Lo schiacciatore brasiliano Daniel Muniz al Cisterna Volley"},"content":{"rendered":"<div id=\"fb-root\"><\/div>\n<p style=\"text-align: justify;\"><strong>CISTERNA DI LATINA<\/strong> \u2013 Daniel Muniz \u00e8 ufficialmente un nuovo giocatore del Cisterna Volley. Schiacciatore brasiliano, classe 1997, 194 centimetri di altezza, arriva dopo due stagioni di alto livello disputate in patria con la maglia del Suzano Volley, protagonista nell&#8217;ultimo anno in cui l&#8217;ambizioso collettivo \u00e8 stato vicecampione del campionato paulista .<\/p>\n<p style=\"text-align: justify;\">Nato e cresciuto a San Paolo, Muniz si avvicina alla pallavolo nel 2010, iniziando a giocare a scuola quasi per gioco, seguendo gli amici. Ben presto, per\u00f2, il volley si trasforma in passione e, gi\u00e0 nel 2011, partecipa alle prime selezioni per il professionismo con club come Sesi, Pinheiros, Centro Ol\u00edmpico e Ibirapuera.<\/p>\n<p style=\"text-align: justify;\">La sua carriera lo ha portato a calcare i campi di diverse leghe europee: nel 2017\/18 la prima esperienza all\u2019estero in Grecia con il Pamvocha\u00efk\u00f3s V.C.; poi il ritorno in Brasile con Copel Telecom\/Maring\u00e1 e Apan\/Roll-on; quindi l\u2019approdo in Polonia al Cuprum Lublin e, sempre nella stagione 2020\/21, il campionato turco con l\u2019Altekma SK, concluso con un ottavo posto. Di particolare rilievo l\u2019annata 2021\/22 in Germania con il VfB Friedrichshafen, con cui prende parte alla CEV Champions League, conquista la Coppa di Germania e chiude al secondo posto in campionato. Nel 2024 ha vestito anche la maglia della nazionale brasiliana, convocato dal commissario tecnico Bernardo \u201cBernardinho\u201d Rezende in Volleyball Nations League.<\/p>\n<p style=\"text-align: justify;\">\u00abHo scelto Cisterna Volley perch\u00e9 desideravo poter tornare a giocare in Europa, e quale miglior modo se non ripartire dall\u2019Italia, una nazione in cui la pallavolo \u00e8 parte della cultura sportiva e dove il campionato \u00e8 tra i pi\u00f9 rispettati al mondo \u2013 racconta Muniz \u2013. La SuperLega \u00e8 universalmente riconosciuta come una delle leghe pi\u00f9 competitive e prestigiose a livello internazionale, con una tradizione che parla da sola. Sono davvero contento per questa opportunit\u00e0, in una realt\u00e0 come Cisterna. La storia del volley italiano \u00e8 affascinante, e non vedo l\u2019ora di scoprire i palazzetti, le citt\u00e0 e tutto ci\u00f2 che circonda questo mondo, dentro e fuori dal campo.\u00bb<\/p>\n<p style=\"text-align: justify;\">Muniz non si pone limiti in quella che sar\u00e0 la sua prima stagione in SuperLega: \u00abMi aspetto un livello altissimo in ogni partita e sono certo che il calore del nostro pubblico sar\u00e0 un elemento importante in ogni momento. A livello personale, il mio obiettivo \u00e8 fare il massimo per la squadra. Lavoro per riuscire a ritagliarmi un posto stabile nella pallavolo europea e, in particolare, in un campionato cos\u00ec importante come quello italiano, dimostrando il mio valore e continuando a crescere sotto ogni aspetto del gioco.\u00bb<\/p>\n<p style=\"text-align: justify;\">Lo schiacciatore brasiliano ha un\u2019elevazione in attacco di 338 centimetri e ha realizzato 298 punti in 23 partite nell\u2019ultimo campionato disputato con il Suzano Volley: \u00abMi definisco un giocatore passionale: amo l\u2019adrenalina della partita, le sfide pi\u00f9 impegnative, anche quando comportano momenti di difficolt\u00e0. Do tutto in campo, con grinta, carattere e cuore. Questo \u00e8 ci\u00f2 che mi motiva ogni giorno e mi d\u00e0 la forza per dare sempre il massimo<\/p>\n","protected":false},"excerpt":{"rendered":"<p>CISTERNA DI LATINA \u2013 Daniel Muniz \u00e8 ufficialmente un nuovo giocatore del Cisterna Volley. Schiacciatore brasiliano, classe 1997, 194 centimetri di altezza, arriva dopo due stagioni di alto livello disputate in patria con la maglia del Suzano Volley, protagonista nell&#8217;ultimo anno in cui l&#8217;ambizioso collettivo \u00e8 stato vicecampione del campionato paulista . Nato e cresciuto [&hellip;]<\/p>\n","protected":false},"author":5430,"featured_media":378254,"comment_status":"open","ping_status":"open","sticky":false,"template":"","format":"standard","meta":{"footnotes":""},"categories":[734,17],"tags":[],"class_list":["post-378252","post","type-post","status-publish","format-standard","has-post-thumbnail","hentry","category-evidenza","category-sport"],"_links":{"self":[{"href":"https:\/\/www.radioluna.it\/news\/wp-json\/wp\/v2\/posts\/378252","targetHints":{"allow":["GET"]}}],"collection":[{"href":"https:\/\/www.radioluna.it\/news\/wp-json\/wp\/v2\/posts"}],"about":[{"href":"https:\/\/www.radioluna.it\/news\/wp-json\/wp\/v2\/types\/post"}],"author":[{"embeddable":true,"href":"https:\/\/www.radioluna.it\/news\/wp-json\/wp\/v2\/users\/5430"}],"replies":[{"embeddable":true,"href":"https:\/\/www.radioluna.it\/news\/wp-json\/wp\/v2\/comments?post=378252"}],"version-history":[{"count":1,"href":"https:\/\/www.radioluna.it\/news\/wp-json\/wp\/v2\/posts\/378252\/revisions"}],"predecessor-version":[{"id":378255,"href":"https:\/\/www.radioluna.it\/news\/wp-json\/wp\/v2\/posts\/378252\/revisions\/378255"}],"wp:featuredmedia":[{"embeddable":true,"href":"https:\/\/www.radioluna.it\/news\/wp-json\/wp\/v2\/media\/378254"}],"wp:attachment":[{"href":"https:\/\/www.radioluna.it\/news\/wp-json\/wp\/v2\/media?parent=378252"}],"wp:term":[{"taxonomy":"category","embeddable":true,"href":"https:\/\/www.radioluna.it\/news\/wp-json\/wp\/v2\/categories?post=378252"},{"taxonomy":"post_tag","embeddable":true,"href":"https:\/\/www.radioluna.it\/news\/wp-json\/wp\/v2\/tags?post=378252"}],"curies":[{"name":"wp","href":"https:\/\/api.w.org\/{rel}","templated":true}]}}