{"id":378305,"date":"2025-06-04T15:40:47","date_gmt":"2025-06-04T13:40:47","guid":{"rendered":"https:\/\/www.radioluna.it\/news\/?p=378305"},"modified":"2025-06-04T15:40:47","modified_gmt":"2025-06-04T13:40:47","slug":"latina-il-piano-particolareggiato-della-marina-entra-nella-fase-operativa","status":"publish","type":"post","link":"https:\/\/www.radioluna.it\/news\/2025\/06\/latina-il-piano-particolareggiato-della-marina-entra-nella-fase-operativa\/","title":{"rendered":"Latina, il Piano particolareggiato della Marina entra nella fase operativa"},"content":{"rendered":"<div id=\"fb-root\"><\/div>\n<p data-start=\"231\" data-end=\"508\">Prosegue l\u2019iter per la revisione del Piano particolareggiato della Marina di Latina. Questa mattina, durante la commissione Urbanistica presieduta da Roberto Belvisi, gli assessori Annalisa Muzio (Urbanistica) e Gianluca Di Cocco (Marina) hanno fatto il punto sulla situazione.<\/p>\n<p data-start=\"510\" data-end=\"958\">\u201cIl lavoro entra nella fase operativa \u2013 ha spiegato Muzio \u2013 con il censimento delle strutture esistenti, in particolare quelle ricettive e turistiche. \u00c8 stato condiviso il quadro conoscitivo del territorio, che tiene conto di balneabilit\u00e0, mobilit\u00e0, demografia e servizi. Adesso raccoglieremo anche la documentazione tecnica da cittadini e titolari di strutture. Ci sar\u00e0 una fase di partecipazione pubblica per costruire insieme le nuove proposte\u201d.<\/p>\n<p data-start=\"960\" data-end=\"1296\">L\u2019obiettivo \u00e8 rigenerare l\u2019area, rivedendo destinazioni d\u2019uso e infrastrutture, tenendo conto anche dei vincoli normativi come il Ptpr (Piano Territoriale Paesistico Regionale). Il processo prevede una proposta di delibera per delineare lo schema generale e avviare la fase esecutiva attraverso gli strumenti della rigenerazione urbana.<\/p>\n<p data-start=\"1298\" data-end=\"1623\">Di Cocco ha sottolineato l\u2019importanza del progetto per tutta la citt\u00e0: \u201cVogliamo trasformare la Marina in un polo turistico e ambientale d\u2019eccellenza. Lavoriamo per uno sviluppo sostenibile, coinvolgendo la comunit\u00e0 in modo attivo. Solo cos\u00ec potremo restituire dignit\u00e0 e valore a una zona bellissima ma finora sottovalutata\u201d.<\/p>\n","protected":false},"excerpt":{"rendered":"<p>Prosegue l\u2019iter per la revisione del Piano particolareggiato della Marina di Latina. Questa mattina, durante la commissione Urbanistica presieduta da Roberto Belvisi, gli assessori Annalisa Muzio (Urbanistica) e Gianluca Di Cocco (Marina) hanno fatto il punto sulla situazione. \u201cIl lavoro entra nella fase operativa \u2013 ha spiegato Muzio \u2013 con il censimento delle strutture esistenti, [&hellip;]<\/p>\n","protected":false},"author":5443,"featured_media":378306,"comment_status":"open","ping_status":"open","sticky":false,"template":"","format":"standard","meta":{"footnotes":""},"categories":[7,734],"tags":[],"class_list":["post-378305","post","type-post","status-publish","format-standard","has-post-thumbnail","hentry","category-cronaca","category-evidenza"],"_links":{"self":[{"href":"https:\/\/www.radioluna.it\/news\/wp-json\/wp\/v2\/posts\/378305","targetHints":{"allow":["GET"]}}],"collection":[{"href":"https:\/\/www.radioluna.it\/news\/wp-json\/wp\/v2\/posts"}],"about":[{"href":"https:\/\/www.radioluna.it\/news\/wp-json\/wp\/v2\/types\/post"}],"author":[{"embeddable":true,"href":"https:\/\/www.radioluna.it\/news\/wp-json\/wp\/v2\/users\/5443"}],"replies":[{"embeddable":true,"href":"https:\/\/www.radioluna.it\/news\/wp-json\/wp\/v2\/comments?post=378305"}],"version-history":[{"count":1,"href":"https:\/\/www.radioluna.it\/news\/wp-json\/wp\/v2\/posts\/378305\/revisions"}],"predecessor-version":[{"id":378307,"href":"https:\/\/www.radioluna.it\/news\/wp-json\/wp\/v2\/posts\/378305\/revisions\/378307"}],"wp:featuredmedia":[{"embeddable":true,"href":"https:\/\/www.radioluna.it\/news\/wp-json\/wp\/v2\/media\/378306"}],"wp:attachment":[{"href":"https:\/\/www.radioluna.it\/news\/wp-json\/wp\/v2\/media?parent=378305"}],"wp:term":[{"taxonomy":"category","embeddable":true,"href":"https:\/\/www.radioluna.it\/news\/wp-json\/wp\/v2\/categories?post=378305"},{"taxonomy":"post_tag","embeddable":true,"href":"https:\/\/www.radioluna.it\/news\/wp-json\/wp\/v2\/tags?post=378305"}],"curies":[{"name":"wp","href":"https:\/\/api.w.org\/{rel}","templated":true}]}}