{"id":378328,"date":"2025-06-04T17:18:16","date_gmt":"2025-06-04T15:18:16","guid":{"rendered":"https:\/\/www.radioluna.it\/news\/?p=378328"},"modified":"2025-06-04T17:18:16","modified_gmt":"2025-06-04T15:18:16","slug":"affluenza-record-a-sermoneta-per-il-borgo-lepino-food-festival","status":"publish","type":"post","link":"https:\/\/www.radioluna.it\/news\/2025\/06\/affluenza-record-a-sermoneta-per-il-borgo-lepino-food-festival\/","title":{"rendered":"Affluenza record a Sermoneta per il Borgo Lepino Food Festival"},"content":{"rendered":"<div id=\"fb-root\"><\/div>\n<p style=\"text-align: justify;\">Migliaia di persone hanno animato, a Sermoneta, la due giorni del BORGO LEPINO Food Festival, organizzato nell&#8217;ambito dei progetti che compongono il Piano di costruzione della prima Green Community del Lazio. A chiudere l&#8217;evento la verve di Alberto Farina che ha attirato, con la sua comicit\u00e0, centinaia di persone. Il tutto, al termine di una manifestazione dove le aziende del territorio hanno fatto assaggiare le loro produzioni. Masterclass bianchi e bollicine (6 calici) e masterclass rossi e moscati (5 calici), a cura dell&#8217;Associazione Italiana Sommelier, in collaborazione con Strade Del Vino, alternate a classi di assaggi di Oli e degustazioni di olive da tavola a cura di CAPOL, hanno fatto il resto.<\/p>\n<p style=\"text-align: justify;\">Il cibo, dunque, conferma la sua capacit\u00e0 di trascendere la propria identit\u00e0 di prodotto e di raccontare come la crescita si basi sulla consapevolezza dell&#8217;ambiente che ci circonda. In questa chiave la cura, la ricerca e l&#8217;attenzione che mettiamo nel preparare un piatto tipico ispira l&#8217;approccio allo sviluppo sociale, culturale ed economico del luogo. Ed \u00e8 questo il mood che ha ispirato il Festival, un contesto festivo ed informativo, in cui \u00e8 stato possibile apprendere informazioni e considerare nuovi punti di vista sullo sviluppo socio-economico tramite il gusto delle eccellenze locali.<\/p>\n<p style=\"text-align: justify;\">&#8220;Il cibo locale &#8211; spiega Onorato Nardacci, commissario della XIII Comunit\u00e0 montana dei Lepini- pu\u00f2 diventare la base del nostro brand identitario di valori e tradizioni. Il territorio dei Monti Lepini ha un grande valore di identit\u00e0 e BORGO LEPINO Food Festival \u00e8 una grande opportunit\u00e0 che lo proietta fuori dai nostri confini&#8221;. Soddisfatto il Sindaco di Sermoneta, Giuseppina Giovannoli: &#8220;Siamo onorati -afferma- di aver ospitato un evento che vuole essere un primo passo verso la promozione della cultura del territorio per tutta la provincia e per il Lazio stesso. Mettendo insieme l&#8217;antichit\u00e0 del centro storico medievale con la cultura enogastronomici dei Lepini. Un evento che diventer\u00e0 itinerante per affermare un brand, il nostro, destinato a palcoscenici sempre pi\u00f9 ampi&#8221;.<\/p>\n","protected":false},"excerpt":{"rendered":"<p>Migliaia di persone hanno animato, a Sermoneta, la due giorni del BORGO LEPINO Food Festival, organizzato nell&#8217;ambito dei progetti che compongono il Piano di costruzione della prima Green Community del Lazio. A chiudere l&#8217;evento la verve di Alberto Farina che ha attirato, con la sua comicit\u00e0, centinaia di persone. Il tutto, al termine di una [&hellip;]<\/p>\n","protected":false},"author":5443,"featured_media":378329,"comment_status":"open","ping_status":"open","sticky":false,"template":"","format":"standard","meta":{"footnotes":""},"categories":[16,734],"tags":[],"class_list":["post-378328","post","type-post","status-publish","format-standard","has-post-thumbnail","hentry","category-appuntamenti","category-evidenza"],"_links":{"self":[{"href":"https:\/\/www.radioluna.it\/news\/wp-json\/wp\/v2\/posts\/378328","targetHints":{"allow":["GET"]}}],"collection":[{"href":"https:\/\/www.radioluna.it\/news\/wp-json\/wp\/v2\/posts"}],"about":[{"href":"https:\/\/www.radioluna.it\/news\/wp-json\/wp\/v2\/types\/post"}],"author":[{"embeddable":true,"href":"https:\/\/www.radioluna.it\/news\/wp-json\/wp\/v2\/users\/5443"}],"replies":[{"embeddable":true,"href":"https:\/\/www.radioluna.it\/news\/wp-json\/wp\/v2\/comments?post=378328"}],"version-history":[{"count":1,"href":"https:\/\/www.radioluna.it\/news\/wp-json\/wp\/v2\/posts\/378328\/revisions"}],"predecessor-version":[{"id":378330,"href":"https:\/\/www.radioluna.it\/news\/wp-json\/wp\/v2\/posts\/378328\/revisions\/378330"}],"wp:featuredmedia":[{"embeddable":true,"href":"https:\/\/www.radioluna.it\/news\/wp-json\/wp\/v2\/media\/378329"}],"wp:attachment":[{"href":"https:\/\/www.radioluna.it\/news\/wp-json\/wp\/v2\/media?parent=378328"}],"wp:term":[{"taxonomy":"category","embeddable":true,"href":"https:\/\/www.radioluna.it\/news\/wp-json\/wp\/v2\/categories?post=378328"},{"taxonomy":"post_tag","embeddable":true,"href":"https:\/\/www.radioluna.it\/news\/wp-json\/wp\/v2\/tags?post=378328"}],"curies":[{"name":"wp","href":"https:\/\/api.w.org\/{rel}","templated":true}]}}