{"id":378350,"date":"2025-06-05T08:23:38","date_gmt":"2025-06-05T06:23:38","guid":{"rendered":"https:\/\/www.radioluna.it\/news\/?p=378350"},"modified":"2025-06-05T08:23:38","modified_gmt":"2025-06-05T06:23:38","slug":"quattro-calci-per-la-solidarieta-in-campo-la-sfida-tra-giornalisti-e-vecchie-glorie-del-latina-calcio","status":"publish","type":"post","link":"https:\/\/www.radioluna.it\/news\/2025\/06\/quattro-calci-per-la-solidarieta-in-campo-la-sfida-tra-giornalisti-e-vecchie-glorie-del-latina-calcio\/","title":{"rendered":"Quattro calci per la solidariet\u00e0, in campo la sfida tra giornalisti e vecchie glorie del Latina Calcio"},"content":{"rendered":"<div id=\"fb-root\"><\/div>\n<p style=\"text-align: justify;\">\u00c8 stata presentata, nella sala lettura \u201cLuciano Pieri\u201d del Circolo Cittadino di Latina, l\u2019iniziativa \u201cQuattro Calci per la Solidariet\u00e0\u201d, promossa da Cesare Rossato con il supporto del Comune di Latina. L\u2019evento andr\u00e0 in scena sabato 7 giugno dalle ore 17:00, presso lo stadio Bartolani di Cisterna di Latina, con l\u2019obiettivo di unire sport e solidariet\u00e0 in un pomeriggio di festa, memoria e condivisione. Prevista una sfida tra una selezione di giornalisti locali e una squadra composta da vecchie glorie del Latina Calcio e giocatori provenienti dai campionati di Serie C e D. A fare da cornice, la premiazione dei migliori quattro calciatori del Latina Calcio 1932 per la stagione 2024\/25, scelti tra quelli che si sono distinti per impegno e valori sportivi.<\/p>\n<p style=\"text-align: justify;\">Cesare Rossato, ideatore e organizzatore dell\u2019iniziativa, ha ringraziato pubblicamente tutte le realt\u00e0 coinvolte: \u201cRingrazio Latina Calcio 1932, Cisterna Calcio e il Comune per il supporto, in particolare Andrea Chiarato e Gennaro Ciaramella, senza i quali non sarebbe stato possibile realizzare tutto questo. L\u2019ingresso sar\u00e0 gratuito, ma sar\u00e0 possibile contribuire alla raccolta fondi attraverso i biglietti della lotteria. Saranno disponibili sabato sera oppure contattando direttamente me o Gennaro. Il cuore dell\u2019evento resta la solidariet\u00e0.\u201d<\/p>\n<p style=\"text-align: justify;\">Durante la conferenza, \u00e8 arrivato anche il messaggio di Biagio Corrente, Direttore Generale del Latina Calcio 1932, che ha cos\u00ec commentato: \u201cSiamo orgogliosi, come Latina Calcio 1932, di prendere parte all\u2019iniziativa \u2018Quattro Calci per la Solidariet\u00e0\u2019 promossa da Cesare Rossato e dal Comune di Latina. La nostra partecipazione, sottolineata dalla donazione di un premio speciale per la lotteria \u2013 una maglia nerazzurra autografata da Luca Crecco \u2013 testimonia ancora una volta l\u2019impegno costante della societ\u00e0 nel sociale e nella promozione di valori importanti per la comunit\u00e0.\u201d<\/p>\n<p style=\"text-align: justify;\">A sottolineare il valore sociale dell\u2019iniziativa anche Ciaramella: \u201cQuando Cesare mi ha proposto l\u2019evento ho detto subito s\u00ec. Coinvolgere i bambini, legare sport, scuola e famiglia \u00e8 essenziale per trasmettere valori veri. Il calcio \u00e8 solo il mezzo. La vera vittoria \u00e8 nella solidariet\u00e0.\u201d<\/p>\n<p style=\"text-align: justify;\">L\u2019evento vedr\u00e0 la partecipazione di volti noti del calcio pontino e nazionale, con il sogno \u2013 come ha suggerito proprio Ciaramella \u2013 di realizzare presto anche un calendario fotografico con le vecchie glorie, da destinare alla raccolta fondi. Il Comune di Latina, rappresentato da Chiarato, ha ribadito l\u2019importanza di creare sinergie sul territorio: \u201cUnire le realt\u00e0 di Latina e Cisterna non \u00e8 semplice, ma grazie a Cesare e Gennaro ci siamo riusciti. Speriamo che anche lo stadio Francioni possa ospitare presto eventi di questo genere. Mettere insieme sport e sociale \u00e8 il nostro obiettivo.\u201d<\/p>\n<p style=\"text-align: justify;\">I premi della lotteria saranno numerosi e prestigiosi: un viaggio in Europa, una maglia ufficiale firmata dalla SS Lazio, una divisa della Primavera della Roma, ingressi al mare e in discoteca, cene offerte da sponsor locali, e molto altro. Una menzione speciale \u00e8 andata anche a Giancarlo Alessandrini e alla sua APS, che con il ricavato dell\u2019iniziativa contribuir\u00e0 ad opere solidali.<\/p>\n","protected":false},"excerpt":{"rendered":"<p>\u00c8 stata presentata, nella sala lettura \u201cLuciano Pieri\u201d del Circolo Cittadino di Latina, l\u2019iniziativa \u201cQuattro Calci per la Solidariet\u00e0\u201d, promossa da Cesare Rossato con il supporto del Comune di Latina. L\u2019evento andr\u00e0 in scena sabato 7 giugno dalle ore 17:00, presso lo stadio Bartolani di Cisterna di Latina, con l\u2019obiettivo di unire sport e solidariet\u00e0 [&hellip;]<\/p>\n","protected":false},"author":5443,"featured_media":378351,"comment_status":"open","ping_status":"open","sticky":false,"template":"","format":"standard","meta":{"footnotes":""},"categories":[16,734],"tags":[],"class_list":["post-378350","post","type-post","status-publish","format-standard","has-post-thumbnail","hentry","category-appuntamenti","category-evidenza"],"_links":{"self":[{"href":"https:\/\/www.radioluna.it\/news\/wp-json\/wp\/v2\/posts\/378350","targetHints":{"allow":["GET"]}}],"collection":[{"href":"https:\/\/www.radioluna.it\/news\/wp-json\/wp\/v2\/posts"}],"about":[{"href":"https:\/\/www.radioluna.it\/news\/wp-json\/wp\/v2\/types\/post"}],"author":[{"embeddable":true,"href":"https:\/\/www.radioluna.it\/news\/wp-json\/wp\/v2\/users\/5443"}],"replies":[{"embeddable":true,"href":"https:\/\/www.radioluna.it\/news\/wp-json\/wp\/v2\/comments?post=378350"}],"version-history":[{"count":1,"href":"https:\/\/www.radioluna.it\/news\/wp-json\/wp\/v2\/posts\/378350\/revisions"}],"predecessor-version":[{"id":378352,"href":"https:\/\/www.radioluna.it\/news\/wp-json\/wp\/v2\/posts\/378350\/revisions\/378352"}],"wp:featuredmedia":[{"embeddable":true,"href":"https:\/\/www.radioluna.it\/news\/wp-json\/wp\/v2\/media\/378351"}],"wp:attachment":[{"href":"https:\/\/www.radioluna.it\/news\/wp-json\/wp\/v2\/media?parent=378350"}],"wp:term":[{"taxonomy":"category","embeddable":true,"href":"https:\/\/www.radioluna.it\/news\/wp-json\/wp\/v2\/categories?post=378350"},{"taxonomy":"post_tag","embeddable":true,"href":"https:\/\/www.radioluna.it\/news\/wp-json\/wp\/v2\/tags?post=378350"}],"curies":[{"name":"wp","href":"https:\/\/api.w.org\/{rel}","templated":true}]}}