{"id":378358,"date":"2025-06-05T08:46:56","date_gmt":"2025-06-05T06:46:56","guid":{"rendered":"https:\/\/www.radioluna.it\/news\/?p=378358"},"modified":"2025-06-05T09:08:52","modified_gmt":"2025-06-05T07:08:52","slug":"chiese-templi-moschee-a-latina-un-ponte-di-dialogo-interreligioso","status":"publish","type":"post","link":"https:\/\/www.radioluna.it\/news\/2025\/06\/chiese-templi-moschee-a-latina-un-ponte-di-dialogo-interreligioso\/","title":{"rendered":"Chiese Templi Moschee, a Latina un ponte di dialogo interreligioso"},"content":{"rendered":"<div id=\"fb-root\"><\/div>\n<p style=\"text-align: justify;\">Si terr\u00e0 oggi a Latina un appuntamento di spessore culturale e religioso. Presso la Curia diocesana, in Piazza Paolo VI, a partire dalle ore 17.00, si svolger\u00e0 l&#8217;incontro \u201cChiese Templi Moschee: Il dialogo tra le religioni, un contributo per la costruzione dell&#8217;identit\u00e0 futura di Latina\u201d. L&#8217;evento, organizzato congiuntamente dall&#8217;associazione\u00a0Latina Citt\u00e0 Plurale, dalla\u00a0Diocesi di Latina-Terracina-Sezze-Priverno\u00a0e dall&#8217;ICSOR (International Center for the Sociology of Religion), si propone di esplorare il ruolo fondamentale del dialogo interreligioso nella definizione dell&#8217;identit\u00e0 civica e sociale della citt\u00e0.<\/p>\n<p style=\"text-align: justify;\">La sessione sar\u00e0 presieduta dal professor Massimiliano Fiorucci, Rettore dell&#8217;Universit\u00e0 degli Studi Roma Tre, che introdurr\u00e0 i lavori. Invece, l&#8217;introduzione generale sar\u00e0 affidata al professor Vittorio Cotesta, anch&#8217;esso docente dell&#8217;Universit\u00e0 degli Studi Roma Tre.<\/p>\n<p style=\"text-align: justify;\">Il panel degli interventi vedr\u00e0 la partecipazione di figure di spicco del panorama religioso e accademico:<\/p>\n<ul style=\"text-align: justify;\">\n<li>Mariano Crociata, Vescovo della Diocesi di Latina-Terracina-Sezze-Priverno.<\/li>\n<li>Massimo Abdallah Cozzolino, Segretario Generale della Confederazione Islamica Italiana.<\/li>\n<li>Thea Tiramani, dell&#8217;Universit\u00e0 di Pavia.<\/li>\n<li>Daniela Pompei, Responsabile Immigrazione e integrazione della Comunit\u00e0 di Sant&#8217;Egidi di Roma.<\/li>\n<li>Luigi De Salvia, Presidente di Religions for Peace-Italia.<\/li>\n<\/ul>\n<p style=\"text-align: justify;\">Al termine delle relazioni programmate, sar\u00e0 aperto il dibattito agli interventi del pubblico, offrendo occasione di confronto e partecipazione attiva su temi di stringente attualit\u00e0. Le conclusioni chiuderanno i lavori di questa significativa giornata di riflessione.<\/p>\n","protected":false},"excerpt":{"rendered":"<p>Si terr\u00e0 oggi a Latina un appuntamento di spessore culturale e religioso. Presso la Curia diocesana, in Piazza Paolo VI, a partire dalle ore 17.00, si svolger\u00e0 l&#8217;incontro \u201cChiese Templi Moschee: Il dialogo tra le religioni, un contributo per la costruzione dell&#8217;identit\u00e0 futura di Latina\u201d. L&#8217;evento, organizzato congiuntamente dall&#8217;associazione\u00a0Latina Citt\u00e0 Plurale, dalla\u00a0Diocesi di Latina-Terracina-Sezze-Priverno\u00a0e dall&#8217;ICSOR [&hellip;]<\/p>\n","protected":false},"author":5443,"featured_media":378359,"comment_status":"open","ping_status":"open","sticky":false,"template":"","format":"standard","meta":{"footnotes":""},"categories":[16,734],"tags":[],"class_list":["post-378358","post","type-post","status-publish","format-standard","has-post-thumbnail","hentry","category-appuntamenti","category-evidenza"],"_links":{"self":[{"href":"https:\/\/www.radioluna.it\/news\/wp-json\/wp\/v2\/posts\/378358","targetHints":{"allow":["GET"]}}],"collection":[{"href":"https:\/\/www.radioluna.it\/news\/wp-json\/wp\/v2\/posts"}],"about":[{"href":"https:\/\/www.radioluna.it\/news\/wp-json\/wp\/v2\/types\/post"}],"author":[{"embeddable":true,"href":"https:\/\/www.radioluna.it\/news\/wp-json\/wp\/v2\/users\/5443"}],"replies":[{"embeddable":true,"href":"https:\/\/www.radioluna.it\/news\/wp-json\/wp\/v2\/comments?post=378358"}],"version-history":[{"count":2,"href":"https:\/\/www.radioluna.it\/news\/wp-json\/wp\/v2\/posts\/378358\/revisions"}],"predecessor-version":[{"id":378364,"href":"https:\/\/www.radioluna.it\/news\/wp-json\/wp\/v2\/posts\/378358\/revisions\/378364"}],"wp:featuredmedia":[{"embeddable":true,"href":"https:\/\/www.radioluna.it\/news\/wp-json\/wp\/v2\/media\/378359"}],"wp:attachment":[{"href":"https:\/\/www.radioluna.it\/news\/wp-json\/wp\/v2\/media?parent=378358"}],"wp:term":[{"taxonomy":"category","embeddable":true,"href":"https:\/\/www.radioluna.it\/news\/wp-json\/wp\/v2\/categories?post=378358"},{"taxonomy":"post_tag","embeddable":true,"href":"https:\/\/www.radioluna.it\/news\/wp-json\/wp\/v2\/tags?post=378358"}],"curies":[{"name":"wp","href":"https:\/\/api.w.org\/{rel}","templated":true}]}}