{"id":378361,"date":"2025-06-05T08:56:27","date_gmt":"2025-06-05T06:56:27","guid":{"rendered":"https:\/\/www.radioluna.it\/news\/?p=378361"},"modified":"2025-06-05T08:56:27","modified_gmt":"2025-06-05T06:56:27","slug":"latina-lo-sportello-microcredito-al-centro-della-commissione-attivita-produttive","status":"publish","type":"post","link":"https:\/\/www.radioluna.it\/news\/2025\/06\/latina-lo-sportello-microcredito-al-centro-della-commissione-attivita-produttive\/","title":{"rendered":"Latina, lo Sportello Microcredito al centro della Commissione Attivit\u00e0 Produttive"},"content":{"rendered":"<div id=\"fb-root\"><\/div>\n<p style=\"text-align: justify;\" data-start=\"314\" data-end=\"629\">Si \u00e8 tenuta ieri, presso il Comune di Latina, la seduta della Commissione Attivit\u00e0 Produttive presieduta dalla consigliera Simona Mul\u00e8, dedicata allo stato di attuazione dello Sportello Microcredito e all\u2019analisi delle proposte di modifica del Protocollo d\u2019Intesa siglato con le Associazioni di Categoria.\u00a0Presenti i rappresentanti delle principali organizzazioni economiche del territorio, tra cui Confagricoltura, Confcommercio, Confesercenti, UAI e Confimpresa, che hanno ribadito il valore strategico del servizio attivo in Piazza del Popolo e proposto un suo rafforzamento sia sul piano operativo che formativo.<\/p>\n<p style=\"text-align: justify;\" data-start=\"943\" data-end=\"1377\">Tra le principali novit\u00e0 discusse e condivise: la promozione congiunta di azioni di educazione al credito d\u2019impresa e sostegno all\u2019autoimprenditorialit\u00e0, con un\u2019attenzione specifica a giovani e donne; la rotazione di personale qualificato a supporto dell\u2019utenza; il coinvolgimento di operatori e tutor riconosciuti dall\u2019Ente Nazionale per il Microcredito; l\u2019adesione al Codice Etico dell\u2019Ente per garantire correttezza e riservatezza.<\/p>\n<p style=\"text-align: justify;\" data-start=\"1379\" data-end=\"1621\">\u201c\u00c8 fondamentale che lo Sportello sia un vero presidio di accompagnamento, non solo informazione \u2013 ha sottolineato Roberto Marta, responsabile nazionale dell\u2019Ente Microcredito \u2013. Latina si sta dimostrando un laboratorio virtuoso in tal senso.\u201d\u00a0La Presidente Mul\u00e8 ha espresso soddisfazione per il confronto, definendolo \u201cun passo concreto verso servizi pi\u00f9 efficaci, grazie a un lavoro di squadra tra amministrazione e categorie produttive\u201d.<\/p>\n<p style=\"text-align: justify;\" data-start=\"1822\" data-end=\"2106\">Durante i lavori \u00e8 stato inoltre evidenziato l\u2019impegno dell\u2019assessore Antonio Cosentino, che ha potenziato lo Sportello con la figura del dott. Pietro Ciacciarelli, funzionario appositamente formato, a conferma della centralit\u00e0 del microcredito nelle politiche di sviluppo del Comune.\u00a0Le modifiche saranno ora sottoposte alle associazioni firmatarie dei principali CCNL della provincia. Intenzione della Commissione \u00e8 anche quella di aprire un dialogo strutturato con banche di comunit\u00e0 e istituti finanziari locali, per rafforzare il legame tra credito, territorio e microimpresa.<\/p>\n","protected":false},"excerpt":{"rendered":"<p>Si \u00e8 tenuta ieri, presso il Comune di Latina, la seduta della Commissione Attivit\u00e0 Produttive presieduta dalla consigliera Simona Mul\u00e8, dedicata allo stato di attuazione dello Sportello Microcredito e all\u2019analisi delle proposte di modifica del Protocollo d\u2019Intesa siglato con le Associazioni di Categoria.\u00a0Presenti i rappresentanti delle principali organizzazioni economiche del territorio, tra cui Confagricoltura, Confcommercio, [&hellip;]<\/p>\n","protected":false},"author":5443,"featured_media":378362,"comment_status":"open","ping_status":"open","sticky":false,"template":"","format":"standard","meta":{"footnotes":""},"categories":[735,7],"tags":[],"class_list":["post-378361","post","type-post","status-publish","format-standard","has-post-thumbnail","hentry","category-attualita","category-cronaca"],"_links":{"self":[{"href":"https:\/\/www.radioluna.it\/news\/wp-json\/wp\/v2\/posts\/378361","targetHints":{"allow":["GET"]}}],"collection":[{"href":"https:\/\/www.radioluna.it\/news\/wp-json\/wp\/v2\/posts"}],"about":[{"href":"https:\/\/www.radioluna.it\/news\/wp-json\/wp\/v2\/types\/post"}],"author":[{"embeddable":true,"href":"https:\/\/www.radioluna.it\/news\/wp-json\/wp\/v2\/users\/5443"}],"replies":[{"embeddable":true,"href":"https:\/\/www.radioluna.it\/news\/wp-json\/wp\/v2\/comments?post=378361"}],"version-history":[{"count":1,"href":"https:\/\/www.radioluna.it\/news\/wp-json\/wp\/v2\/posts\/378361\/revisions"}],"predecessor-version":[{"id":378363,"href":"https:\/\/www.radioluna.it\/news\/wp-json\/wp\/v2\/posts\/378361\/revisions\/378363"}],"wp:featuredmedia":[{"embeddable":true,"href":"https:\/\/www.radioluna.it\/news\/wp-json\/wp\/v2\/media\/378362"}],"wp:attachment":[{"href":"https:\/\/www.radioluna.it\/news\/wp-json\/wp\/v2\/media?parent=378361"}],"wp:term":[{"taxonomy":"category","embeddable":true,"href":"https:\/\/www.radioluna.it\/news\/wp-json\/wp\/v2\/categories?post=378361"},{"taxonomy":"post_tag","embeddable":true,"href":"https:\/\/www.radioluna.it\/news\/wp-json\/wp\/v2\/tags?post=378361"}],"curies":[{"name":"wp","href":"https:\/\/api.w.org\/{rel}","templated":true}]}}