{"id":378403,"date":"2025-06-05T15:00:49","date_gmt":"2025-06-05T13:00:49","guid":{"rendered":"https:\/\/www.radioluna.it\/news\/?p=378403"},"modified":"2025-06-05T20:02:59","modified_gmt":"2025-06-05T18:02:59","slug":"arriva-il-caldo-la-regione-lazio-vieta-il-lavoro-al-sole-dalle-1230-alle-16","status":"publish","type":"post","link":"https:\/\/www.radioluna.it\/news\/2025\/06\/arriva-il-caldo-la-regione-lazio-vieta-il-lavoro-al-sole-dalle-1230-alle-16\/","title":{"rendered":"Arriva il caldo, la Regione Lazio vieta il lavoro al sole dalle 12,30 alle 16 nei giorni a rischio alto"},"content":{"rendered":"<div id=\"fb-root\"><\/div>\n<p style=\"text-align: justify;\"><strong>LATINA<\/strong> &#8211; Con l\u2019arrivo del caldo estivo e il susseguente innalzamento delle temperature, la Regione Lazio, con un\u2019ordinanza del presidente Francesco Rocca, vieta il lavoro in condizioni di esposizione prolungata al sole, dalle ore 12.30 alle ore 16, con efficacia immediata e fino al 31 agosto 2025.<\/p>\n<p style=\"text-align: justify;\">L\u2019ordinanza riguarda tutto il territorio regionale nelle aree o zone interessate dallo svolgimento di lavoro nel settore agricolo e florovivaistico, nei cantieri edili e affini, nelle cave e nelle relative pertinenze esterne, limitatamente ai soli giorni in cui la mappa del rischio indicata sul sito www.worklimate.it\/scelta-mappa\/sole-attivita-fisica-alta\/ riferita a \u201clavoratori esposti al sole\u201d, segnali un livello di rischio \u201cAlto\u201d.<\/p>\n<p style=\"text-align: justify;\">L\u2019ordinanza non si applica alle pubbliche Amministrazioni, ai concessionari di pubblici servizi, ai loro appaltatori quando eseguano interventi di pubblica utilit\u00e0, di protezione civile, di salvaguardia della pubblica incolumit\u00e0, ferma restando l\u2019adozione di idonee misure organizzative per ridurre, a un livello accettabile, il rischio di esposizione alle alte temperature dei lavoratori.<\/p>\n<p style=\"text-align: justify;\">\u00abAbbiamo il dovere di tutelare la salute di chi lavora, soprattutto nei settori pi\u00f9 esposti agli effetti del caldo estremo. Con questa ordinanza vogliamo prevenire situazioni di rischio concreto per i lavoratori che operano all\u2019aperto, nelle ore pi\u00f9 critiche della giornata. Non \u00e8 solo una misura di buon senso, \u00e8 un atto di responsabilit\u00e0\u00bb.<\/p>\n<p style=\"text-align: justify;\">Lo dichiara il presidente della Regione Lazio, Francesco Rocca che aggiunge e conclude:<\/p>\n<p style=\"text-align: justify;\">\u00abIl cambiamento climatico rende sempre pi\u00f9 frequenti e intensi i picchi di calore: non possiamo permetterci di sottovalutarne i suoi effetti. Nostro compito \u00e8 quello di proteggere le persone, specialmente i lavoratori pi\u00f9 esposti.\u00a0 Continueremo a monitorare l\u2019evoluzione delle temperature e, se necessario, interverremo con ancora maggiore incisivit\u00e0\u00bb.<\/p>\n","protected":false},"excerpt":{"rendered":"<p>LATINA &#8211; Con l\u2019arrivo del caldo estivo e il susseguente innalzamento delle temperature, la Regione Lazio, con un\u2019ordinanza del presidente Francesco Rocca, vieta il lavoro in condizioni di esposizione prolungata al sole, dalle ore 12.30 alle ore 16, con efficacia immediata e fino al 31 agosto 2025. L\u2019ordinanza riguarda tutto il territorio regionale nelle aree [&hellip;]<\/p>\n","protected":false},"author":62,"featured_media":349837,"comment_status":"open","ping_status":"open","sticky":false,"template":"","format":"standard","meta":{"footnotes":""},"categories":[7,2428],"tags":[],"class_list":["post-378403","post","type-post","status-publish","format-standard","has-post-thumbnail","hentry","category-cronaca","category-primo-piano"],"_links":{"self":[{"href":"https:\/\/www.radioluna.it\/news\/wp-json\/wp\/v2\/posts\/378403","targetHints":{"allow":["GET"]}}],"collection":[{"href":"https:\/\/www.radioluna.it\/news\/wp-json\/wp\/v2\/posts"}],"about":[{"href":"https:\/\/www.radioluna.it\/news\/wp-json\/wp\/v2\/types\/post"}],"author":[{"embeddable":true,"href":"https:\/\/www.radioluna.it\/news\/wp-json\/wp\/v2\/users\/62"}],"replies":[{"embeddable":true,"href":"https:\/\/www.radioluna.it\/news\/wp-json\/wp\/v2\/comments?post=378403"}],"version-history":[{"count":3,"href":"https:\/\/www.radioluna.it\/news\/wp-json\/wp\/v2\/posts\/378403\/revisions"}],"predecessor-version":[{"id":378408,"href":"https:\/\/www.radioluna.it\/news\/wp-json\/wp\/v2\/posts\/378403\/revisions\/378408"}],"wp:featuredmedia":[{"embeddable":true,"href":"https:\/\/www.radioluna.it\/news\/wp-json\/wp\/v2\/media\/349837"}],"wp:attachment":[{"href":"https:\/\/www.radioluna.it\/news\/wp-json\/wp\/v2\/media?parent=378403"}],"wp:term":[{"taxonomy":"category","embeddable":true,"href":"https:\/\/www.radioluna.it\/news\/wp-json\/wp\/v2\/categories?post=378403"},{"taxonomy":"post_tag","embeddable":true,"href":"https:\/\/www.radioluna.it\/news\/wp-json\/wp\/v2\/tags?post=378403"}],"curies":[{"name":"wp","href":"https:\/\/api.w.org\/{rel}","templated":true}]}}