{"id":378442,"date":"2025-06-06T08:54:05","date_gmt":"2025-06-06T06:54:05","guid":{"rendered":"https:\/\/www.radioluna.it\/news\/?p=378442"},"modified":"2025-06-06T20:01:59","modified_gmt":"2025-06-06T18:01:59","slug":"aprilia-il-tribunale-applica-la-sorveglianza-speciale-per-due-presunti-capi-del-clan","status":"publish","type":"post","link":"https:\/\/www.radioluna.it\/news\/2025\/06\/aprilia-il-tribunale-applica-la-sorveglianza-speciale-per-due-presunti-capi-del-clan\/","title":{"rendered":"Aprilia, il Tribunale applica la sorveglianza speciale per due presunti capi del clan"},"content":{"rendered":"<div id=\"fb-root\"><\/div>\n<p data-start=\"403\" data-end=\"938\">Il Tribunale di Roma \u2013 Sezione Specializzata Misure di Prevenzione \u2013 ha disposto la sorveglianza speciale di pubblica sicurezza, con obbligo di soggiorno, nei confronti di due uomini ritenuti figure apicali del sodalizio criminale sgominato nei mesi scorsi con l\u2019operazione \u201cAssedio\u201d. Il provvedimento, proposto dal Questore di Latina, \u00e8 frutto dell\u2019attivit\u00e0 della Divisione Anticrimine, che ha raccolto elementi tali da dimostrare la pericolosit\u00e0 sociale attuale dei due soggetti, nonostante siano gi\u00e0 sottoposti a regime detentivo.<\/p>\n<p data-start=\"940\" data-end=\"1456\">Entrambi risultano indagati per associazione mafiosa e, secondo gli inquirenti, ricoprivano ruoli centrali nella gestione dell\u2019organizzazione: uno con compiti di coordinamento delle attivit\u00e0 del clan, fino a svolgere le funzioni di reggente nei momenti di assenza del \u201ccapo\u201d; l\u2019altro avrebbe avuto un ruolo operativo di rilievo, contribuendo in modo significativo alla commissione dei cosiddetti \u201creati fine\u201d come estorsioni e minacce, rendendosi anch\u2019egli punto di riferimento del gruppo criminale sul territorio.<\/p>\n<p data-start=\"1458\" data-end=\"1661\">La misura di prevenzione, prevista dal Codice Antimafia, avr\u00e0 una durata di quattro anni per il primo soggetto e di tre per il secondo, e scatter\u00e0 una volta conclusi i rispettivi periodi di detenzione.<\/p>\n<p data-start=\"1663\" data-end=\"2138\">Nella decisione del Tribunale si evidenzia come neppure il carcere sia stato sufficiente a interrompere i legami dei due con l\u2019ambiente criminale di riferimento. Gli elementi raccolti mostrano la capacit\u00e0 dei due uomini di continuare a esercitare influenza sul territorio di Aprilia, mantenendo relazioni con altri esponenti di clan legati alle cosiddette \u201cmafie storiche\u201d, imponendosi con modalit\u00e0 violente, in grado di generare assoggettamento e omert\u00e0 nella popolazione.<\/p>\n<p data-start=\"2140\" data-end=\"2534\">Il Questore di Latina, che ha avanzato la proposta nell\u2019ambito dell\u2019azione di monitoraggio e prevenzione dei soggetti pericolosi per la sicurezza pubblica, ha sottolineato l\u2019importanza della misura come strumento per contrastare l\u2019azione dei clan anche al di fuori del solo ambito penale. Un\u2019azione preventiva, ha ribadito, che serve a proteggere la tranquillit\u00e0 e la legalit\u00e0 del territorio.<\/p>\n<p data-start=\"2536\" data-end=\"2854\">L\u2019operazione \u201cAssedio\u201d, portata avanti dall\u2019Arma dei Carabinieri nei mesi scorsi, aveva gi\u00e0 condotto all\u2019arresto di numerosi soggetti ritenuti appartenenti a una consorteria mafiosa radicata nel Comune di Aprilia e attiva nel traffico di droga, nelle estorsioni e nella gestione criminale di risorse economiche locali.<\/p>\n","protected":false},"excerpt":{"rendered":"<p>Il Tribunale di Roma \u2013 Sezione Specializzata Misure di Prevenzione \u2013 ha disposto la sorveglianza speciale di pubblica sicurezza, con obbligo di soggiorno, nei confronti di due uomini ritenuti figure apicali del sodalizio criminale sgominato nei mesi scorsi con l\u2019operazione \u201cAssedio\u201d. Il provvedimento, proposto dal Questore di Latina, \u00e8 frutto dell\u2019attivit\u00e0 della Divisione Anticrimine, che [&hellip;]<\/p>\n","protected":false},"author":5443,"featured_media":378443,"comment_status":"open","ping_status":"open","sticky":false,"template":"","format":"standard","meta":{"footnotes":""},"categories":[7,2428],"tags":[],"class_list":["post-378442","post","type-post","status-publish","format-standard","has-post-thumbnail","hentry","category-cronaca","category-primo-piano"],"_links":{"self":[{"href":"https:\/\/www.radioluna.it\/news\/wp-json\/wp\/v2\/posts\/378442","targetHints":{"allow":["GET"]}}],"collection":[{"href":"https:\/\/www.radioluna.it\/news\/wp-json\/wp\/v2\/posts"}],"about":[{"href":"https:\/\/www.radioluna.it\/news\/wp-json\/wp\/v2\/types\/post"}],"author":[{"embeddable":true,"href":"https:\/\/www.radioluna.it\/news\/wp-json\/wp\/v2\/users\/5443"}],"replies":[{"embeddable":true,"href":"https:\/\/www.radioluna.it\/news\/wp-json\/wp\/v2\/comments?post=378442"}],"version-history":[{"count":1,"href":"https:\/\/www.radioluna.it\/news\/wp-json\/wp\/v2\/posts\/378442\/revisions"}],"predecessor-version":[{"id":378444,"href":"https:\/\/www.radioluna.it\/news\/wp-json\/wp\/v2\/posts\/378442\/revisions\/378444"}],"wp:featuredmedia":[{"embeddable":true,"href":"https:\/\/www.radioluna.it\/news\/wp-json\/wp\/v2\/media\/378443"}],"wp:attachment":[{"href":"https:\/\/www.radioluna.it\/news\/wp-json\/wp\/v2\/media?parent=378442"}],"wp:term":[{"taxonomy":"category","embeddable":true,"href":"https:\/\/www.radioluna.it\/news\/wp-json\/wp\/v2\/categories?post=378442"},{"taxonomy":"post_tag","embeddable":true,"href":"https:\/\/www.radioluna.it\/news\/wp-json\/wp\/v2\/tags?post=378442"}],"curies":[{"name":"wp","href":"https:\/\/api.w.org\/{rel}","templated":true}]}}