{"id":378453,"date":"2025-06-06T09:55:30","date_gmt":"2025-06-06T07:55:30","guid":{"rendered":"https:\/\/www.radioluna.it\/news\/?p=378453"},"modified":"2025-06-06T09:55:30","modified_gmt":"2025-06-06T07:55:30","slug":"presentata-la-46a-edizione-del-torneo-delle-contrade-di-borgo-montello","status":"publish","type":"post","link":"https:\/\/www.radioluna.it\/news\/2025\/06\/presentata-la-46a-edizione-del-torneo-delle-contrade-di-borgo-montello\/","title":{"rendered":"Presentata la 46\u00aa edizione del Torneo delle Contrade di Borgo Montello"},"content":{"rendered":"<div id=\"fb-root\"><\/div>\n<p style=\"text-align: justify;\" data-start=\"218\" data-end=\"782\">Si \u00e8 svolta al Circolo cittadino di Latina la presentazione ufficiale della 46\u00aa edizione del Torneo delle Contrade di Borgo Montello. All\u2019incontro hanno preso parte l\u2019assessore allo Sport Andrea Chiarato, il consigliere comunale e residente del borgo Roberto Belvisi e il presidente dell\u2019associazione ASD Torneo delle Contrade, Fabio Mori. Presenti anche i responsabili delle sette contrade Centro storico, Sterpara nord &#8211; Colle del tufo, Monfalcone, Sterpara sud, Campovivo, Quattro case e Cavaliere e i soci dell\u2019associazione organizzatrice nonch\u00e9 presidenti delle stesse: Lino De Vido, Alessandro Brocco, Cristian Pellinzon, Alessio Zonzin, Stefano Cimenton, Daniele Bortoletto ed Emanuele Marostica oltre a Fabio Mori.<\/p>\n<p style=\"text-align: justify;\" data-start=\"218\" data-end=\"782\">Il torneo si si svolger\u00e0 dal 6 giugno al 2 agosto presso il campo sportivo Oscar Zonzin e le sette contrade si sfideranno per conquistare il titolo, contendendosi il posto della vincitrice della 45\u00aa edizione, la contrada Cavaliere.<\/p>\n<p style=\"text-align: justify;\">\u201cIniziative come questa \u2013 ha dichiarato l\u2019assessore allo Sport Andrea Chiarato \u2013 sono un patrimonio prezioso per la nostra citt\u00e0 perch\u00e9 nascono dal basso, coinvolgono migliaia di cittadini e rafforzano quel senso di identit\u00e0 e appartenenza che rende vivi i nostri borghi. Il torneo delle Contrade di Borgo Montello, giunto alla 46esima edizione, \u00e8 l\u2019esempio perfetto di come lo sport possa essere motore di coesione sociale e memoria storica, unendo generazioni diverse attorno a valori comuni. Non possiamo che essere orgogliosi di queste realt\u00e0 che, attraverso la partecipazione attiva, offrono opportunit\u00e0 sane e formative ai nostri cittadini\u201d.<\/p>\n<p style=\"text-align: justify;\">\u201cIl Torneo delle Contrade rappresenta l\u2019anima di Borgo Montello \u2013 ha aggiunto il consigliere comunale Roberto Belvisi \u2013 ed \u00e8 bello vedere come, anno dopo anno, si rinnovi la passione e l\u2019impegno di tutta la comunit\u00e0. Questo appuntamento non \u00e8 solo una manifestazione sportiva, ma anche un\u2019occasione per ritrovarsi, riconoscersi e rafforzare il legame con il territorio. Complimenti a tutti gli organizzatori e un grande in bocca al lupo ai partecipanti\u201d.<\/p>\n<p style=\"text-align: justify;\">\u201cIl Torneo delle Contrade \u2013 afferma Fabio Mori &#8211; non \u00e8 solo una manifestazione sportiva, ma un vero e proprio patrimonio della nostra comunit\u00e0. Nato quasi in sordina grazie all\u2019intuizione e alla passione di Oscar Zonzin, Giancarlo Verardo e Amedeo \u201cRanger\u201d Bigolin, \u00e8 cresciuto fino a diventare un appuntamento atteso e identitario, intitolato con affetto e riconoscenza ad Artino Cassanelli, figura indimenticabile per tutti noi. Oggi, come allora, il torneo rappresenta un momento di unione, di memoria e di passione autentica, capace di coinvolgere intere generazioni. Vedere famiglie, giovani e anziani vivere insieme queste serate \u00e8 la testimonianza pi\u00f9 bella del valore dello sport quando nasce dal cuore di un territorio. Ringrazio tutti coloro che, anno dopo anno, rendono possibile tutto questo con impegno e amore per la nostra storia, nonch\u00e9 il Comune di Latina per la vicinanza dimostrata\u201d<\/p>\n<div class=\"radio-posizionamento-telefono-in-articoli-dopo-il-contenuto-articolo radio-entity-placement\" id=\"radio-4144327693\"><div id=\"radio-663323467\"><a href=\"https:\/\/www.simeoneceramiche.com\/\" aria-label=\"SIMEONE CERAMICHE GIF animata per radioluna_Tavola disegno 1 copia 2 (online-video-cutter.com)\"><img loading=\"lazy\" decoding=\"async\" src=\"https:\/\/www.radioluna.it\/news\/wp-content\/uploads\/2025\/05\/SIMEONE-CERAMICHE-GIF-animata-per-radioluna_Tavola-disegno-1-copia-2-online-video-cutter.com_.gif\" alt=\"\"  width=\"300\" height=\"250\"   \/><\/a><\/div><\/div>","protected":false},"excerpt":{"rendered":"<p>Si \u00e8 svolta al Circolo cittadino di Latina la presentazione ufficiale della 46\u00aa edizione del Torneo delle Contrade di Borgo Montello. All\u2019incontro hanno preso parte l\u2019assessore allo Sport Andrea Chiarato, il consigliere comunale e residente del borgo Roberto Belvisi e il presidente dell\u2019associazione ASD Torneo delle Contrade, Fabio Mori. Presenti anche i responsabili delle sette [&hellip;]<\/p>\n","protected":false},"author":5443,"featured_media":378454,"comment_status":"open","ping_status":"open","sticky":false,"template":"","format":"standard","meta":{"footnotes":""},"categories":[16,734],"tags":[],"class_list":["post-378453","post","type-post","status-publish","format-standard","has-post-thumbnail","hentry","category-appuntamenti","category-evidenza"],"_links":{"self":[{"href":"https:\/\/www.radioluna.it\/news\/wp-json\/wp\/v2\/posts\/378453","targetHints":{"allow":["GET"]}}],"collection":[{"href":"https:\/\/www.radioluna.it\/news\/wp-json\/wp\/v2\/posts"}],"about":[{"href":"https:\/\/www.radioluna.it\/news\/wp-json\/wp\/v2\/types\/post"}],"author":[{"embeddable":true,"href":"https:\/\/www.radioluna.it\/news\/wp-json\/wp\/v2\/users\/5443"}],"replies":[{"embeddable":true,"href":"https:\/\/www.radioluna.it\/news\/wp-json\/wp\/v2\/comments?post=378453"}],"version-history":[{"count":1,"href":"https:\/\/www.radioluna.it\/news\/wp-json\/wp\/v2\/posts\/378453\/revisions"}],"predecessor-version":[{"id":378455,"href":"https:\/\/www.radioluna.it\/news\/wp-json\/wp\/v2\/posts\/378453\/revisions\/378455"}],"wp:featuredmedia":[{"embeddable":true,"href":"https:\/\/www.radioluna.it\/news\/wp-json\/wp\/v2\/media\/378454"}],"wp:attachment":[{"href":"https:\/\/www.radioluna.it\/news\/wp-json\/wp\/v2\/media?parent=378453"}],"wp:term":[{"taxonomy":"category","embeddable":true,"href":"https:\/\/www.radioluna.it\/news\/wp-json\/wp\/v2\/categories?post=378453"},{"taxonomy":"post_tag","embeddable":true,"href":"https:\/\/www.radioluna.it\/news\/wp-json\/wp\/v2\/tags?post=378453"}],"curies":[{"name":"wp","href":"https:\/\/api.w.org\/{rel}","templated":true}]}}