{"id":378457,"date":"2025-06-06T14:14:25","date_gmt":"2025-06-06T12:14:25","guid":{"rendered":"https:\/\/www.radioluna.it\/news\/?p=378457"},"modified":"2025-06-06T14:14:25","modified_gmt":"2025-06-06T12:14:25","slug":"aperto-al-pubblico-il-nuovo-parcheggio-di-via-einaudi-a-cisterna","status":"publish","type":"post","link":"https:\/\/www.radioluna.it\/news\/2025\/06\/aperto-al-pubblico-il-nuovo-parcheggio-di-via-einaudi-a-cisterna\/","title":{"rendered":"Aperto al pubblico il nuovo parcheggio di Via Einaudi a Cisterna"},"content":{"rendered":"<div id=\"fb-root\"><\/div>\n<p style=\"text-align: justify;\"><strong>CISTERNA<\/strong> &#8211; E\u2019 aperto al pubblico il nuovo parcheggio di via Einaudi a conclusione di un intervento di ristrutturazione e risistemazione partito all\u2019inizio di febbraio e durato 53 giorni. L\u2019opera rappresenta quasi il raddoppio del parcheggio gi\u00e0 esistente di fronte il polo tecnico Ramad\u00f9 (ex Darby), un\u2019area facile da raggiungere dal Centro Citt\u00e0 e dal mercato ortofrutticolo settimanale.<\/p>\n<p style=\"text-align: justify;\">I lavori &#8211; i legge in una nota del Comune di Cisterna &#8211; realizzati dalla ditta Co. Ge Strade di Terracina, sono stati effettuati predisponendo un nuovo fondo in asfalto nell\u2019area di manovra, mentre gli stalli a parcheggio sono stati realizzati con materiale drenante e quindi a basso impatto ambientale. E\u2019 stato incrementato il numero dei posti auto a disposizione della cittadinanza: l\u2019area dispone infatti di 66 parcheggi standard; due posti riservati per disabili; due parcheggi rosa; due parcheggi verdi per la ricarica delle auto elettriche; cinque posti destinati ai motocicli.<\/p>\n<p style=\"text-align: justify;\">L\u2019illuminazione \u00e8 stata realizzata con 24 proiettori con luci a led che rendono l\u2019area sicura e accessibile anche nelle ore notturne. L\u2019intervento, coordinato dal Settore lavori pubblici del Comune con la direzione dell\u2019ingegner Paolo D\u2019Atino, \u00e8 costato complessivamente 171.956 euro.<\/p>\n<p style=\"text-align: justify;\">\u00abQuesta opera \u2013 spiegano il sindaco Valentino Mantini e l\u2019assessore ai Lavori pubblici e all\u2019Urbanistica Andrea Santilli \u2013 rappresenta un valore aggiunto per la citt\u00e0 e in particolare perch\u00e9 offre un servizio quale quello di un parcheggio moderno, funzionale e attrezzato, soprattutto in vista della prossima realizzazione del parco urbano, che sorger\u00e0 in centro. Una ulteriore dimostrazione di come l\u2019amministrazione continua a lavorare per l\u2019efficienza, il decoro urbano e servizi necessari alla nostra Citt\u00e0\u00bb.<\/p>\n<p style=\"text-align: justify;\"><strong>MODIFICHE ALLA SOSTA PER IL PARCO URBANO<\/strong>\u00a0 &#8211;\u00a0 Per la realizzazione del parco urbano a partire da luned\u00ec saranno interdette le aree a parcheggio antistanti e laterali all&#8217;edificio del bocciodromo (che sar\u00e0 trasferito) con accesso su via Cavour. Il divieto entrer\u00e0 in vigore dalla mezzanotte del 9 giugno 2025 e rimarr\u00e0 operativo fino al 31 dicembre 2025 e comunque sino a fine lavori di mitigazione idraulica e riqualificazione tratto urbano Fosso Cisterna.<\/p>\n<div class=\"radio-posizionamento-telefono-in-articoli-dopo-il-contenuto-articolo radio-entity-placement\" id=\"radio-2027410391\"><div id=\"radio-3540737623\"><a href=\"https:\/\/www.simeoneceramiche.com\/\" aria-label=\"SIMEONE CERAMICHE GIF animata per radioluna_Tavola disegno 1 copia 2 (online-video-cutter.com)\"><img loading=\"lazy\" decoding=\"async\" src=\"https:\/\/www.radioluna.it\/news\/wp-content\/uploads\/2025\/05\/SIMEONE-CERAMICHE-GIF-animata-per-radioluna_Tavola-disegno-1-copia-2-online-video-cutter.com_.gif\" alt=\"\"  width=\"300\" height=\"250\"   \/><\/a><\/div><\/div>","protected":false},"excerpt":{"rendered":"<p>CISTERNA &#8211; E\u2019 aperto al pubblico il nuovo parcheggio di via Einaudi a conclusione di un intervento di ristrutturazione e risistemazione partito all\u2019inizio di febbraio e durato 53 giorni. L\u2019opera rappresenta quasi il raddoppio del parcheggio gi\u00e0 esistente di fronte il polo tecnico Ramad\u00f9 (ex Darby), un\u2019area facile da raggiungere dal Centro Citt\u00e0 e dal [&hellip;]<\/p>\n","protected":false},"author":62,"featured_media":378458,"comment_status":"open","ping_status":"open","sticky":false,"template":"","format":"standard","meta":{"footnotes":""},"categories":[7,2428],"tags":[],"class_list":["post-378457","post","type-post","status-publish","format-standard","has-post-thumbnail","hentry","category-cronaca","category-primo-piano"],"_links":{"self":[{"href":"https:\/\/www.radioluna.it\/news\/wp-json\/wp\/v2\/posts\/378457","targetHints":{"allow":["GET"]}}],"collection":[{"href":"https:\/\/www.radioluna.it\/news\/wp-json\/wp\/v2\/posts"}],"about":[{"href":"https:\/\/www.radioluna.it\/news\/wp-json\/wp\/v2\/types\/post"}],"author":[{"embeddable":true,"href":"https:\/\/www.radioluna.it\/news\/wp-json\/wp\/v2\/users\/62"}],"replies":[{"embeddable":true,"href":"https:\/\/www.radioluna.it\/news\/wp-json\/wp\/v2\/comments?post=378457"}],"version-history":[{"count":1,"href":"https:\/\/www.radioluna.it\/news\/wp-json\/wp\/v2\/posts\/378457\/revisions"}],"predecessor-version":[{"id":378459,"href":"https:\/\/www.radioluna.it\/news\/wp-json\/wp\/v2\/posts\/378457\/revisions\/378459"}],"wp:featuredmedia":[{"embeddable":true,"href":"https:\/\/www.radioluna.it\/news\/wp-json\/wp\/v2\/media\/378458"}],"wp:attachment":[{"href":"https:\/\/www.radioluna.it\/news\/wp-json\/wp\/v2\/media?parent=378457"}],"wp:term":[{"taxonomy":"category","embeddable":true,"href":"https:\/\/www.radioluna.it\/news\/wp-json\/wp\/v2\/categories?post=378457"},{"taxonomy":"post_tag","embeddable":true,"href":"https:\/\/www.radioluna.it\/news\/wp-json\/wp\/v2\/tags?post=378457"}],"curies":[{"name":"wp","href":"https:\/\/api.w.org\/{rel}","templated":true}]}}