{"id":378553,"date":"2025-06-07T11:17:16","date_gmt":"2025-06-07T09:17:16","guid":{"rendered":"https:\/\/www.radioluna.it\/news\/?p=378553"},"modified":"2025-06-09T09:23:31","modified_gmt":"2025-06-09T07:23:31","slug":"latina-due-donne-vittime-di-violenza-e-una-con-disabilita-assunte-grazie-alla-collaborazione-tra-etikey-ed-eurpack","status":"publish","type":"post","link":"https:\/\/www.radioluna.it\/news\/2025\/06\/latina-due-donne-vittime-di-violenza-e-una-con-disabilita-assunte-grazie-alla-collaborazione-tra-etikey-ed-eurpack\/","title":{"rendered":"Latina, due donne vittime di violenza e una con disabilit\u00e0 assunte grazie alla collaborazione tra Etikey ed Eurpack"},"content":{"rendered":"<div id=\"fb-root\"><\/div>\n<p style=\"text-align: justify;\"><strong>LATINA<\/strong> &#8211;\u00a0 A distanza di pochi mesi dalla presentazione, Etikey, l&#8217;impresa sociale costituita da entro Donna Lilith e Diaphor\u00e0 con la finalit\u00e0 di\u00a0 creare opportunit\u00e0 lavorative per donne vittime di violenza e persone con disabilit\u00e0, raggiunge un altro obiettivo: tre donne, con percorsi diversi,\u00a0 hanno firmato un contratto di lavoro. Due donne hanno affrontato un percorso di fuoriuscita dalla violenza seguite dal Centro Donna Lilith, e una terza, con disabilit\u00e0, parte del gruppo supportato dall\u2019associazione Diaphor\u00e0 lavoreranno da Eurpack Giustini Sacchetti Srl.<\/p>\n<p style=\"text-align: justify;\">Il protocollo firmato tra Etikey e la societ\u00e0 appresenta un modello virtuoso di collaborazione tra impresa e terzo settore e prevede\u00a0 &#8211; spiegano i firmatari &#8211; non solo l\u2019inserimento lavorativo e la formazione professionale delle nuove risorse, ma anche azioni mirate di sensibilizzazione sull\u2019inclusione rivolte al personale Eurpack e alle loro famiglie, con l\u2019obiettivo di creare un ambiente di lavoro pi\u00f9 accogliente e inclusivo per tutte e tutti.<\/p>\n<p style=\"text-align: justify;\">Le due donne seguite da Lilith entreranno nel team dedicato alle pulizie degli uffici, mentre la donna con disabilit\u00e0 sar\u00e0 inserita nella segreteria organizzativa dell\u2019azienda. Tutte e tre sono state assunte con contratto a tempo determinato fino a fine anno, con possibilit\u00e0 di rinnovo e concrete prospettive di stabilizzazione.<\/p>\n<p style=\"text-align: justify;\">\u00abCredere nel valore, nelle abilit\u00e0 e nelle potenzialit\u00e0 delle persone \u00e8 fondamentale per rafforzare le pratiche di inclusione ed empowerment \u2013 afferma Francesca Pierleoni, Presidente di Etikey \u2013. Questo accordo segna l\u2019inizio di nuove opportunit\u00e0 e importanti cambiamenti per il territorio di Latina. Non si tratta solo di inserimenti lavorativi, ma della costruzione di un percorso pi\u00f9 ampio, in cui il lavoro diventa uno strumento di libert\u00e0, riconoscimento e partecipazione attiva alla vita sociale. Per questo motivo affianchiamo le aziende non solo nel momento dell\u2019assunzione, ma lungo tutto il percorso di formazione, sensibilizzazione e accompagnamento\u00bb.<\/p>\n<p style=\"text-align: justify;\">\u00abCrediamo che il lavoro sia uno strumento fondamentale di emancipazione, dignit\u00e0 e vera inclusione. Per questo, con grande orgoglio, annunciamo l\u2019assunzione di tre donne che rappresentano un esempio concreto di resilienza e rinascita \u2013 ha dichiarato Monica Diaz, CEO di Eurpack Giustini Sacchetti Srl &#8211; Questo inserimento, reso possibile grazie al prezioso supporto di Etikey, \u00e8 per noi molto pi\u00f9 di una semplice assunzione: \u00e8 la conferma del nostro impegno verso un modello di impresa inclusivo, che mette al centro la persona, il rispetto e il valore della diversit\u00e0. Vogliamo costruire un ambiente in cui ogni individuo possa sentirsi accolto, ascoltato e valorizzato, contribuendo con le proprie capacit\u00e0 allo sviluppo comune. Queste nuove collaborazioni ci ricordano che l\u2019integrazione non \u00e8 un atto straordinario, ma una responsabilit\u00e0 quotidiana che, come azienda e come comunit\u00e0, abbiamo il dovere di portare avanti.\u00bb<\/p>\n<p style=\"text-align: justify;\">Eurpack Giustini Sacchetti Srl \u00e8 un\u2019azienda leader nella progettazione e realizzazione di packaging secondario per il mercato italiano ed estero. Con uno sguardo rivolto all\u2019innovazione sostenibile e alla cura delle persone, Eurpack \u00e8 oggi impegnata in un processo di internazionalizzazione e di potenziamento della propria area Ricerca &amp; Sviluppo, con l\u2019obiettivo di coniugare crescita, sicurezza e responsabilit\u00e0 sociale.<\/p>\n<p style=\"text-align: justify;\">\n","protected":false},"excerpt":{"rendered":"<p>LATINA &#8211;\u00a0 A distanza di pochi mesi dalla presentazione, Etikey, l&#8217;impresa sociale costituita da entro Donna Lilith e Diaphor\u00e0 con la finalit\u00e0 di\u00a0 creare opportunit\u00e0 lavorative per donne vittime di violenza e persone con disabilit\u00e0, raggiunge un altro obiettivo: tre donne, con percorsi diversi,\u00a0 hanno firmato un contratto di lavoro. Due donne hanno affrontato un [&hellip;]<\/p>\n","protected":false},"author":62,"featured_media":378559,"comment_status":"open","ping_status":"open","sticky":false,"template":"","format":"standard","meta":{"footnotes":""},"categories":[735,7,2428],"tags":[],"class_list":["post-378553","post","type-post","status-publish","format-standard","has-post-thumbnail","hentry","category-attualita","category-cronaca","category-primo-piano"],"_links":{"self":[{"href":"https:\/\/www.radioluna.it\/news\/wp-json\/wp\/v2\/posts\/378553","targetHints":{"allow":["GET"]}}],"collection":[{"href":"https:\/\/www.radioluna.it\/news\/wp-json\/wp\/v2\/posts"}],"about":[{"href":"https:\/\/www.radioluna.it\/news\/wp-json\/wp\/v2\/types\/post"}],"author":[{"embeddable":true,"href":"https:\/\/www.radioluna.it\/news\/wp-json\/wp\/v2\/users\/62"}],"replies":[{"embeddable":true,"href":"https:\/\/www.radioluna.it\/news\/wp-json\/wp\/v2\/comments?post=378553"}],"version-history":[{"count":1,"href":"https:\/\/www.radioluna.it\/news\/wp-json\/wp\/v2\/posts\/378553\/revisions"}],"predecessor-version":[{"id":378561,"href":"https:\/\/www.radioluna.it\/news\/wp-json\/wp\/v2\/posts\/378553\/revisions\/378561"}],"wp:featuredmedia":[{"embeddable":true,"href":"https:\/\/www.radioluna.it\/news\/wp-json\/wp\/v2\/media\/378559"}],"wp:attachment":[{"href":"https:\/\/www.radioluna.it\/news\/wp-json\/wp\/v2\/media?parent=378553"}],"wp:term":[{"taxonomy":"category","embeddable":true,"href":"https:\/\/www.radioluna.it\/news\/wp-json\/wp\/v2\/categories?post=378553"},{"taxonomy":"post_tag","embeddable":true,"href":"https:\/\/www.radioluna.it\/news\/wp-json\/wp\/v2\/tags?post=378553"}],"curies":[{"name":"wp","href":"https:\/\/api.w.org\/{rel}","templated":true}]}}