{"id":378886,"date":"2025-06-11T16:46:29","date_gmt":"2025-06-11T14:46:29","guid":{"rendered":"https:\/\/www.radioluna.it\/news\/?p=378886"},"modified":"2025-06-11T16:46:29","modified_gmt":"2025-06-11T14:46:29","slug":"sabaudia-tre-nuovi-asili-nido-grazie-al-pnrr","status":"publish","type":"post","link":"https:\/\/www.radioluna.it\/news\/2025\/06\/sabaudia-tre-nuovi-asili-nido-grazie-al-pnrr\/","title":{"rendered":"Sabaudia, tre nuovi asili nido grazie al PNRR"},"content":{"rendered":"<div id=\"fb-root\"><\/div>\n<p style=\"text-align: justify;\">Con l\u2019avvio dei lavori per la realizzazione del terzo asilo nido, in via Luigi Tenco, si chiude il cerchio sui progetti finanziati con il PNRR per l\u2019ampliamento dell\u2019offerta educativa nella citt\u00e0 di Sabaudia. Il nuovo asilo, che sorger\u00e0 nella zona nord della citt\u00e0, ospiter\u00e0 tra i 30 e i 35 bambini.<\/p>\n<p style=\"text-align: justify;\">\u201cCon l\u2019avvio di quest\u2019ultimo cantiere si completa la fase di avvio dei progetti finanziati con il PNRR per la realizzazione degli asili nido a Sabaudia\u201d. Cos\u00ec la consigliera comunale con delega ai Lavori Pubblici, Rossella Garrisi, che ha seguito da vicino tutte le fasi progettuali e ora pu\u00f2 vedere concretizzarsi anche questo tassello fondamentale per il futuro dei pi\u00f9 piccoli.<\/p>\n<p style=\"text-align: justify;\">I lavori per gli altri due asili, previsti a San Donato e a Borgo Vodice, sono gi\u00e0 in corso. A quest\u2019ultimi si aggiungono gli interventi di riqualificazione degli ex edifici Spes, segno di un&#8217;attenzione dell\u2019Amministrazione comunale, non solo alla costruzione di nuovi spazi, ma anche alla valorizzazione del patrimonio esistente.<\/p>\n<div class=\"radio-posizionamento-telefono-in-articoli-dopo-il-contenuto-articolo radio-entity-placement\" id=\"radio-3860205662\"><div id=\"radio-3959497008\"><a href=\"https:\/\/grupporedi.it\/\" aria-label=\"Redi-Qr\"><img loading=\"lazy\" decoding=\"async\" src=\"https:\/\/www.radioluna.it\/news\/wp-content\/uploads\/2026\/03\/Redi-Qr.jpg\" alt=\"\"  srcset=\"https:\/\/www.radioluna.it\/news\/wp-content\/uploads\/2026\/03\/Redi-Qr.jpg 800w, https:\/\/www.radioluna.it\/news\/wp-content\/uploads\/2026\/03\/Redi-Qr-768x639.jpg 768w\" sizes=\"(max-width: 800px) 100vw, 800px\" width=\"300\" height=\"250\"   \/><\/a><\/div><\/div>","protected":false},"excerpt":{"rendered":"<p>Con l\u2019avvio dei lavori per la realizzazione del terzo asilo nido, in via Luigi Tenco, si chiude il cerchio sui progetti finanziati con il PNRR per l\u2019ampliamento dell\u2019offerta educativa nella citt\u00e0 di Sabaudia. Il nuovo asilo, che sorger\u00e0 nella zona nord della citt\u00e0, ospiter\u00e0 tra i 30 e i 35 bambini. \u201cCon l\u2019avvio di quest\u2019ultimo [&hellip;]<\/p>\n","protected":false},"author":5443,"featured_media":378889,"comment_status":"open","ping_status":"open","sticky":false,"template":"","format":"standard","meta":{"footnotes":""},"categories":[7,734],"tags":[],"class_list":["post-378886","post","type-post","status-publish","format-standard","has-post-thumbnail","hentry","category-cronaca","category-evidenza"],"_links":{"self":[{"href":"https:\/\/www.radioluna.it\/news\/wp-json\/wp\/v2\/posts\/378886","targetHints":{"allow":["GET"]}}],"collection":[{"href":"https:\/\/www.radioluna.it\/news\/wp-json\/wp\/v2\/posts"}],"about":[{"href":"https:\/\/www.radioluna.it\/news\/wp-json\/wp\/v2\/types\/post"}],"author":[{"embeddable":true,"href":"https:\/\/www.radioluna.it\/news\/wp-json\/wp\/v2\/users\/5443"}],"replies":[{"embeddable":true,"href":"https:\/\/www.radioluna.it\/news\/wp-json\/wp\/v2\/comments?post=378886"}],"version-history":[{"count":1,"href":"https:\/\/www.radioluna.it\/news\/wp-json\/wp\/v2\/posts\/378886\/revisions"}],"predecessor-version":[{"id":378890,"href":"https:\/\/www.radioluna.it\/news\/wp-json\/wp\/v2\/posts\/378886\/revisions\/378890"}],"wp:featuredmedia":[{"embeddable":true,"href":"https:\/\/www.radioluna.it\/news\/wp-json\/wp\/v2\/media\/378889"}],"wp:attachment":[{"href":"https:\/\/www.radioluna.it\/news\/wp-json\/wp\/v2\/media?parent=378886"}],"wp:term":[{"taxonomy":"category","embeddable":true,"href":"https:\/\/www.radioluna.it\/news\/wp-json\/wp\/v2\/categories?post=378886"},{"taxonomy":"post_tag","embeddable":true,"href":"https:\/\/www.radioluna.it\/news\/wp-json\/wp\/v2\/tags?post=378886"}],"curies":[{"name":"wp","href":"https:\/\/api.w.org\/{rel}","templated":true}]}}