{"id":378973,"date":"2025-06-12T16:47:34","date_gmt":"2025-06-12T14:47:34","guid":{"rendered":"https:\/\/www.radioluna.it\/news\/?p=378973"},"modified":"2025-06-17T14:56:16","modified_gmt":"2025-06-17T12:56:16","slug":"a-fondi-la-polizia-incrementa-il-controllo-nelle-aree-critiche","status":"publish","type":"post","link":"https:\/\/www.radioluna.it\/news\/2025\/06\/a-fondi-la-polizia-incrementa-il-controllo-nelle-aree-critiche\/","title":{"rendered":"A Fondi la Polizia incrementa il controllo nelle aree critiche"},"content":{"rendered":"<div id=\"fb-root\"><\/div>\n<p>I poliziotti del Commissariato di Fondi hanno allontanato dalla stazione di Fondi, un cittadino italiano, pregiudicato per reati contro il patrimonio, che secondo una prima ricostruzione dei fatti, confermata dalle immagini delle telecamere, avrebbe tentato di danneggiare un taxi e sputato contro un\u2019auto il cui conducente ha allertato le forze di polizia.<br \/>\nSempre a Fondi, Personale del Commissariato e dell\u2019Ufficio Immigrazione della Questura, hanno  accompagnato presso il Centro per i rimpatri di Roma, Ponte Galeria un pluripregiudicato marocchino, da anni domiciliato nel territorio di Fondi e protagonista in pi\u00f9 occasioni di episodi di microcriminalit\u00e0 che hanno comportato pi\u00f9 interventi degli agenti.<br \/>\nL\u2019uomo, rintracciato dai poliziotti, ha richiesto la protezione internazionale ma di fatto \u00e8 risultato da moltissimi anni presente irregolarmente nel territorio nazionale.<br \/>\nOra si  proceder\u00e0 alla valutazione della sussistenza dei requisiti previsti per i richiedenti asilo e in caso negativo, al successivo rimpatrio nel paese di origine.<\/p>\n","protected":false},"excerpt":{"rendered":"<p>I poliziotti del Commissariato di Fondi hanno allontanato dalla stazione di Fondi, un cittadino italiano, pregiudicato per reati contro il patrimonio, che secondo una prima ricostruzione dei fatti, confermata dalle immagini delle telecamere, avrebbe tentato di danneggiare un taxi e sputato contro un\u2019auto il cui conducente ha allertato le forze di polizia. Sempre a Fondi, [&hellip;]<\/p>\n","protected":false},"author":5444,"featured_media":370905,"comment_status":"open","ping_status":"open","sticky":false,"template":"","format":"standard","meta":{"footnotes":""},"categories":[7],"tags":[],"class_list":["post-378973","post","type-post","status-publish","format-standard","has-post-thumbnail","hentry","category-cronaca"],"_links":{"self":[{"href":"https:\/\/www.radioluna.it\/news\/wp-json\/wp\/v2\/posts\/378973","targetHints":{"allow":["GET"]}}],"collection":[{"href":"https:\/\/www.radioluna.it\/news\/wp-json\/wp\/v2\/posts"}],"about":[{"href":"https:\/\/www.radioluna.it\/news\/wp-json\/wp\/v2\/types\/post"}],"author":[{"embeddable":true,"href":"https:\/\/www.radioluna.it\/news\/wp-json\/wp\/v2\/users\/5444"}],"replies":[{"embeddable":true,"href":"https:\/\/www.radioluna.it\/news\/wp-json\/wp\/v2\/comments?post=378973"}],"version-history":[{"count":1,"href":"https:\/\/www.radioluna.it\/news\/wp-json\/wp\/v2\/posts\/378973\/revisions"}],"predecessor-version":[{"id":378974,"href":"https:\/\/www.radioluna.it\/news\/wp-json\/wp\/v2\/posts\/378973\/revisions\/378974"}],"wp:featuredmedia":[{"embeddable":true,"href":"https:\/\/www.radioluna.it\/news\/wp-json\/wp\/v2\/media\/370905"}],"wp:attachment":[{"href":"https:\/\/www.radioluna.it\/news\/wp-json\/wp\/v2\/media?parent=378973"}],"wp:term":[{"taxonomy":"category","embeddable":true,"href":"https:\/\/www.radioluna.it\/news\/wp-json\/wp\/v2\/categories?post=378973"},{"taxonomy":"post_tag","embeddable":true,"href":"https:\/\/www.radioluna.it\/news\/wp-json\/wp\/v2\/tags?post=378973"}],"curies":[{"name":"wp","href":"https:\/\/api.w.org\/{rel}","templated":true}]}}