{"id":378976,"date":"2025-06-12T17:13:02","date_gmt":"2025-06-12T15:13:02","guid":{"rendered":"https:\/\/www.radioluna.it\/news\/?p=378976"},"modified":"2025-06-12T17:13:02","modified_gmt":"2025-06-12T15:13:02","slug":"consegnata-al-sindaco-celentano-la-lettera-dei-desideri","status":"publish","type":"post","link":"https:\/\/www.radioluna.it\/news\/2025\/06\/consegnata-al-sindaco-celentano-la-lettera-dei-desideri\/","title":{"rendered":"Consegnata al Sindaco Celentano la lettera dei desideri"},"content":{"rendered":"<div id=\"fb-root\"><\/div>\n<p>LATINA &#8211; Si \u00e8 svolta oggi, nell\u2019aula consiliare del Comune di Latina, la seduta conclusiva del primo anno di attivit\u00e0 del Consiglio comunale delle bambine e dei bambini, un\u2019iniziativa che l\u2019amministrazione comunale guidata dal sindaco Matilde Celentano ha fortemente voluto riattivare per promuovere la partecipazione attiva dei pi\u00f9 giovani alla vita pubblica.<br \/>\nAlla presenza della prima cittadina, dell\u2019assessore all\u2019Istruzione Francesca Tesone, della consigliera comunale referente del progetto Francesca Pagano, della consigliera con delega ai rapporti con l\u2019Unicef Valentina Colonna, della facilitatrice Emilia De Nardis e di numerosi assessori, consiglieri comunali, docenti e genitori, i piccoli consiglieri hanno condiviso i risultati del percorso svolto durante l\u2019anno.<br \/>\n\u201c\u00c8 con grande emozione e orgoglio \u2013 ha dichiarato il Sindaco Celentano a margine dell\u2019incontro \u2013 che celebriamo la conclusione di un\u2019esperienza che ha dato voce ai pi\u00f9 piccoli e ha dimostrato quanto valore possano avere le loro idee. In questi mesi i ragazzi hanno parlato di citt\u00e0 pi\u00f9 a misura di bambino, di parchi pi\u00f9 belli, di strade pi\u00f9 sicure, di scuole pi\u00f9 accoglienti. E lo hanno fatto con intelligenza, attenzione e tanta passione\u201d.<br \/>\nIl tema centrale del percorso di quest\u2019anno \u00e8 stato il diritto al gioco, sancito dall\u2019articolo 31 della Convenzione ONU sui diritti dell&#8217;infanzia e dell&#8217;adolescenza. I bambini hanno riflettuto su questo diritto attraverso incontri tematici, laboratori e attivit\u00e0 creative. Hanno anche realizzato un cortometraggio, presentato fuori concorso nell\u2019ambito dell\u2019iniziativa \u201cGrandi e piccoli diritti alla meta\u201d, promossa dagli assessorati alla Pubblica istruzione e alle Politiche giovanili, in collaborazione con il Comitato provinciale Unicef Latina.<br \/>\nDurante la seduta i piccoli consiglieri hanno letto una lettera, contenente le loro richieste e le loro proposte, accolta con entusiasmo dalla prima cittadina e da tutti gli altri amministratori presenti. \u201cMi ha colpito molto \u2013 ha affermato Celentano &#8211; l\u2019idea di una citt\u00e0 \u2018a forma di bambino\u2019: semplice e autentica, \u00e8 proprio l\u2019immagine che anche noi adulti dovremmo avere in mente quando progettiamo il futuro. I desideri dei piccoli consiglieri comunali parlano di inclusione, accessibilit\u00e0, fantasia: valori fondamentali che la nostra amministrazione condivide e che vogliamo tradurre in azioni concrete. Il parco Falcone e Borsellino, ad esempio, torner\u00e0 a disposizione di tutti con aree nuove, con un gioco per bambini che sar\u00e0 una sorpresa per tutti e anche con uno spazio speciale, l\u2019 \u2018area farfalle\u2019, pensata proprio per far sognare i pi\u00f9 piccoli\u00bb.<br \/>\nUn sentito ringraziamento \u00e8 stato rivolto dal Sindaco a tutte le bambine e i bambini per l\u2019impegno e l\u2019entusiasmo, cos\u00ec come alle famiglie, agli insegnanti, alla Consigliera Francesca Pagano, alla facilitatrice Emilia De Nardis e ai membri della segreteria del Sindaco Maria Grazia D\u2019Urso, Daniela Del Gobbo, Cristina Fedele, Donatella Facco e Alexandra Bianchi Vigliarolo per il loro prezioso lavoro.<br \/>\n\u201cInvito tutti i bambini del Consiglio comunale dei bambini e delle bambine, ma anche coloro che non hanno partecipato ma hanno seguito il percorso svolto dai loro \u2018colleghi\u2019, a continuare a sognare in grande, ad essere coraggiosi e a non avere paura di esprimere desideri e aspettative\u201d ha affermato l\u2019assessore Francesca Tesone. \u201c\u00c8 cos\u00ec che si costruisce il futuro. L\u2019assessorato alla Pubblica istruzione lavora quotidianamente perch\u00e9 agli studenti siano insegnati i giusti valori e quello della partecipazione attiva \u00e8 uno di questi. Mi auguro che i bambini di questo meraviglioso organo che si \u00e8 formato, ora, possano godersi le vacanze per tornare a settembre pi\u00f9 carichi che mai. Saremo felici di mettere in pratica, come potremo, le loro proposte\u201d.<br \/>\n\u201cOggi \u2013 ha concluso la consigliera Pagano in conclusione &#8211; concludiamo un percorso straordinario, costruito con cura, passione e tanto ascolto. Il Consiglio comunale delle bambine e dei bambini non \u00e8 stato solo un progetto educativo: \u00e8 stato uno spazio reale di partecipazione, dove le idee dei pi\u00f9 piccoli hanno trovato dignit\u00e0, attenzione e possibilit\u00e0 di trasformarsi in proposte concrete. Quando, pi\u00f9 di un anno fa, abbiamo immaginato di riattivare questo organo, abbiamo pensato a un luogo dove i bambini potessero non solo imparare, ma contribuire. Volevamo che le loro parole fossero prese sul serio, che le loro visioni potessero ispirare le nostre decisioni amministrative. E oggi posso dire che ci siamo riusciti: abbiamo messo al centro il diritto al gioco, non come un passatempo, ma come un pilastro del benessere, della crescita, della cittadinanza. Abbiamo accolto le emozioni, le storie, i desideri dei nostri piccoli consiglieri, dando loro strumenti per esprimersi e costruire. Un ringraziamento sentito va a tutti coloro che hanno camminato al nostro fianco in questo progetto: alla facilitatrice Emilia De Nardis, alla segreteria del Sindaco, agli insegnanti, alle famiglie, e ovviamente a ogni singolo bambino e bambina che ha preso parte a questa esperienza con cuore e intelligenza. E sopratutto alla prima cittadina Matilde Celentano, grazie alla quale tutto questo \u00e8 stato possibile. Questo primo anno \u00e8 stato solo l\u2019inizio. Il nostro impegno \u00e8 che questo Consiglio continui, cresca e diventi un punto fermo della nostra citt\u00e0. Perch\u00e9 una citt\u00e0 che ascolta i bambini \u00e8 una citt\u00e0 che sa guardare al futuro con responsabilit\u00e0 e speranza\u201d. <\/p>\n<div class=\"radio-posizionamento-telefono-in-articoli-dopo-il-contenuto-articolo radio-entity-placement\" id=\"radio-3413411075\"><div id=\"radio-2744670517\" style=\"width: 300px;height: 250px;\"><a href=\"https:\/\/www.icarspa.it\/auto\/usate\/latina\/\" aria-label=\"banner aprile icar new life &#8211; auto usate latina\"><img loading=\"lazy\" decoding=\"async\" src=\"https:\/\/www.radioluna.it\/news\/wp-content\/uploads\/2026\/02\/banner-aprile-icar-new-life-auto-usate-latina.gif\" alt=\"\"  width=\"300\" height=\"250\"   \/><\/a><\/div><\/div>","protected":false},"excerpt":{"rendered":"<p>LATINA &#8211; Si \u00e8 svolta oggi, nell\u2019aula consiliare del Comune di Latina, la seduta conclusiva del primo anno di attivit\u00e0 del Consiglio comunale delle bambine e dei bambini, un\u2019iniziativa che l\u2019amministrazione comunale guidata dal sindaco Matilde Celentano ha fortemente voluto riattivare per promuovere la partecipazione attiva dei pi\u00f9 giovani alla vita pubblica. Alla presenza della [&hellip;]<\/p>\n","protected":false},"author":5444,"featured_media":378977,"comment_status":"open","ping_status":"open","sticky":false,"template":"","format":"standard","meta":{"footnotes":""},"categories":[16,734],"tags":[],"class_list":["post-378976","post","type-post","status-publish","format-standard","has-post-thumbnail","hentry","category-appuntamenti","category-evidenza"],"_links":{"self":[{"href":"https:\/\/www.radioluna.it\/news\/wp-json\/wp\/v2\/posts\/378976","targetHints":{"allow":["GET"]}}],"collection":[{"href":"https:\/\/www.radioluna.it\/news\/wp-json\/wp\/v2\/posts"}],"about":[{"href":"https:\/\/www.radioluna.it\/news\/wp-json\/wp\/v2\/types\/post"}],"author":[{"embeddable":true,"href":"https:\/\/www.radioluna.it\/news\/wp-json\/wp\/v2\/users\/5444"}],"replies":[{"embeddable":true,"href":"https:\/\/www.radioluna.it\/news\/wp-json\/wp\/v2\/comments?post=378976"}],"version-history":[{"count":1,"href":"https:\/\/www.radioluna.it\/news\/wp-json\/wp\/v2\/posts\/378976\/revisions"}],"predecessor-version":[{"id":378978,"href":"https:\/\/www.radioluna.it\/news\/wp-json\/wp\/v2\/posts\/378976\/revisions\/378978"}],"wp:featuredmedia":[{"embeddable":true,"href":"https:\/\/www.radioluna.it\/news\/wp-json\/wp\/v2\/media\/378977"}],"wp:attachment":[{"href":"https:\/\/www.radioluna.it\/news\/wp-json\/wp\/v2\/media?parent=378976"}],"wp:term":[{"taxonomy":"category","embeddable":true,"href":"https:\/\/www.radioluna.it\/news\/wp-json\/wp\/v2\/categories?post=378976"},{"taxonomy":"post_tag","embeddable":true,"href":"https:\/\/www.radioluna.it\/news\/wp-json\/wp\/v2\/tags?post=378976"}],"curies":[{"name":"wp","href":"https:\/\/api.w.org\/{rel}","templated":true}]}}