{"id":379151,"date":"2025-06-15T11:31:08","date_gmt":"2025-06-15T09:31:08","guid":{"rendered":"https:\/\/www.radioluna.it\/news\/?p=379151"},"modified":"2025-06-15T11:31:08","modified_gmt":"2025-06-15T09:31:08","slug":"grande-attesa-per-il-giubileo-del-dipendente-pubblico-dedicato-a-tutti-i-lavoratori-del-pubblico-impiego","status":"publish","type":"post","link":"https:\/\/www.radioluna.it\/news\/2025\/06\/grande-attesa-per-il-giubileo-del-dipendente-pubblico-dedicato-a-tutti-i-lavoratori-del-pubblico-impiego\/","title":{"rendered":"Grande attesa per il Giubileo del Dipendente Pubblico, dedicato a tutti i lavoratori del pubblico impiego"},"content":{"rendered":"<div id=\"fb-root\"><\/div>\n<p>LATINA &#8211; Si terr\u00e0 gioved\u00ec 19 giugno 2025 il Giubileo del Dipendente Pubblico, una giornata dedicata a tutti i lavoratori del pubblico impiego della provincia di Latina e agli amministratori. L\u2019evento, che ha l\u2019obiettivo di celebrare l\u2019impegno, la dedizione e l\u2019innovazione di coloro che svolgono servizi rivolti ai cittadini, \u00e8 organizzato dal servizio Turismo del Comune di Latina. In seguito a una delibera di giunta approvata su indirizzo dell\u2019assessore Gianluca Di Cocco si \u00e8 messa in moto la macchina amministrativa finalizzata a coinvolgere tutti i comuni della provincia di Latina, la Asl, le sedi territoriali dei Ministeri presenti sul territorio, la Provincia di Latina e gli altri enti pubblici che hanno risposto positivamente.<br \/>\n L\u2019evento avr\u00e0 inizio alle ore 10.30 con un momento di raccoglimento sotto al palazzo comunale. I Sindaci dei comuni della provincia, accompagnati dai rispettivi gonfaloni, il Prefetto Vittoria Ciaramella, il presidente della Provincia Gerardo Stefanelli, i comandanti delle forze dell\u2019ordine e le altre autorit\u00e0 del territorio, oltre al personale, sfileranno in processione con in testa un dipendente che porter\u00e0 una croce. Lungo il tragitto sono previsti canti e preghiere e, all\u2019arrivo presso la Cattedrale San Marco di Latina, sar\u00e0 celebrata dal vescovo Mariano Crociata la Santa Messa che impartir\u00e0 la benedizione solenne a tutti i partecipanti con annessa indulgenza plenaria.<br \/>\n \u201cQuesta giornata rappresenta un riconoscimento simbolico, ma significativo, per chi ogni giorno lavora al servizio della collettivit\u00e0 &#8211; dichiara il Sindaco di Latina Matilde Celentano -. Celebrare il Giubileo del Dipendente Pubblico significa valorizzare la centralit\u00e0 del lavoro pubblico come presidio di legalit\u00e0, competenza e vicinanza ai cittadini. \u00c8 un\u2019occasione di riflessione e gratitudine che condividiamo con l\u2019intera comunit\u00e0 provinciale nell\u2019anno del Giubileo, in cui Leone XIV \u00e8 stato eletto Papa. Gli uffici del servizio Turismo hanno gi\u00e0 provveduto a inviare gli inviti e siamo orgogliosi dell\u2019ampia partecipazione annunciata. Ricordiamo comunque che l\u2019evento \u00e8 aperto a tutti i dipendenti pubblici\u201d.<br \/>\n \u201cAbbiamo voluto fortemente questo momento \u2013 sottolinea l\u2019assessore al Turismo Gianluca Di Cocco \u2013 perch\u00e9 crediamo nella necessit\u00e0 di restituire visibilit\u00e0 e senso di appartenenza a chi ogni giorno \u00e8 impegnato, spesso in silenzio, nel garantire servizi fondamentali alla popolazione. La partecipazione ampia di enti e istituzioni ci conferma quanto sia sentita l\u2019importanza di riscoprire, anche attraverso momenti simbolici e spirituali, il valore del servizio pubblico. Ringrazio gli uffici e tutti coloro che stanno contribuendo alla realizzazione di questo evento, che mira a rafforzare il legame tra istituzioni e cittadini\u201d.<br \/>\n Al Giubileo del Dipendente Pubblico seguir\u00e0 il Giubileo dedicato ai bambini, che coinvolger\u00e0 le classi quarte e quinte delle scuole primarie, il Giubileo del viaggiatore giubilare e dei cittadini e la processione di Stella Maris.<\/p>\n","protected":false},"excerpt":{"rendered":"<p>LATINA &#8211; Si terr\u00e0 gioved\u00ec 19 giugno 2025 il Giubileo del Dipendente Pubblico, una giornata dedicata a tutti i lavoratori del pubblico impiego della provincia di Latina e agli amministratori. L\u2019evento, che ha l\u2019obiettivo di celebrare l\u2019impegno, la dedizione e l\u2019innovazione di coloro che svolgono servizi rivolti ai cittadini, \u00e8 organizzato dal servizio Turismo del [&hellip;]<\/p>\n","protected":false},"author":5444,"featured_media":379152,"comment_status":"open","ping_status":"open","sticky":false,"template":"","format":"standard","meta":{"footnotes":""},"categories":[16,734],"tags":[],"class_list":["post-379151","post","type-post","status-publish","format-standard","has-post-thumbnail","hentry","category-appuntamenti","category-evidenza"],"_links":{"self":[{"href":"https:\/\/www.radioluna.it\/news\/wp-json\/wp\/v2\/posts\/379151","targetHints":{"allow":["GET"]}}],"collection":[{"href":"https:\/\/www.radioluna.it\/news\/wp-json\/wp\/v2\/posts"}],"about":[{"href":"https:\/\/www.radioluna.it\/news\/wp-json\/wp\/v2\/types\/post"}],"author":[{"embeddable":true,"href":"https:\/\/www.radioluna.it\/news\/wp-json\/wp\/v2\/users\/5444"}],"replies":[{"embeddable":true,"href":"https:\/\/www.radioluna.it\/news\/wp-json\/wp\/v2\/comments?post=379151"}],"version-history":[{"count":1,"href":"https:\/\/www.radioluna.it\/news\/wp-json\/wp\/v2\/posts\/379151\/revisions"}],"predecessor-version":[{"id":379154,"href":"https:\/\/www.radioluna.it\/news\/wp-json\/wp\/v2\/posts\/379151\/revisions\/379154"}],"wp:featuredmedia":[{"embeddable":true,"href":"https:\/\/www.radioluna.it\/news\/wp-json\/wp\/v2\/media\/379152"}],"wp:attachment":[{"href":"https:\/\/www.radioluna.it\/news\/wp-json\/wp\/v2\/media?parent=379151"}],"wp:term":[{"taxonomy":"category","embeddable":true,"href":"https:\/\/www.radioluna.it\/news\/wp-json\/wp\/v2\/categories?post=379151"},{"taxonomy":"post_tag","embeddable":true,"href":"https:\/\/www.radioluna.it\/news\/wp-json\/wp\/v2\/tags?post=379151"}],"curies":[{"name":"wp","href":"https:\/\/api.w.org\/{rel}","templated":true}]}}