{"id":379322,"date":"2025-06-23T07:10:58","date_gmt":"2025-06-23T05:10:58","guid":{"rendered":"https:\/\/www.radioluna.it\/news\/?p=379322"},"modified":"2025-06-23T07:10:03","modified_gmt":"2025-06-23T05:10:03","slug":"festival-pontino-si-comincia-il-3-luglio-con-un-trio-al-femminile-e-la-voce-recitante-di-anna-bonaiuto","status":"publish","type":"post","link":"https:\/\/www.radioluna.it\/news\/2025\/06\/festival-pontino-si-comincia-il-3-luglio-con-un-trio-al-femminile-e-la-voce-recitante-di-anna-bonaiuto\/","title":{"rendered":"Festival Pontino, si comincia il 3 luglio con un trio al femminile e la voce recitante di Anna Bonaiuto"},"content":{"rendered":"<div id=\"fb-root\"><\/div>\n<p style=\"text-align: justify;\"><strong>SERMONETA<\/strong> &#8211; Oltre venti concerti e pi\u00f9 di cento musicisti coinvolti fra interpreti affermati e giovani talenti, nei luoghi di grande bellezza del territorio pontino. E&#8217; il Festival Pontino di Musica, 61\u00b0 edizione, che dal 3 al 31 luglio animer\u00e0 il Castello Caetani e il borgo di Sermoneta, l\u2019Abbazia di Valvisciolo, la corte comunale di Sabaudia e il Parco Naturale Pantanello con solisti ed ensemble, in un repertorio che spazia dal barocco al pop, fra riscoperte, rarit\u00e0 e repertori pi\u00f9 noti.<\/p>\n<p style=\"text-align: justify;\">Come sempre, un ruolo di primo piano avranno gli Incontri Internazionali di Musica Contemporanea \u2013 spiegano dalla Fondazione Campus Internazionale di Musica &#8211; che richiamano studiosi, compositori, interpreti e docenti per una riflessione attenta sulla musica del nostro tempo (il 15 e 16 luglio). Torneranno anche i concerti dei \u201cGiovani artisti dal mondo\u201d: sono gli allievi, che arrivano da diversi Paesi del mondo, dei Corsi di perfezionamento che si tengono a Sermoneta nell\u2019ambito del Festival e di cui sono docenti alcuni fra i musicisti pi\u00f9 importanti del panorama musicale internazionale, impegnati anche nei concerti in programma.<\/p>\n<p style=\"text-align: justify;\">\u201cSiamo convinti\u00a0\u2013 dichiara\u00a0<strong>Elisa Cerocchi\u00a0presidente del Campus Internazionale di Musica di Latina<\/strong> che organizza il Festival \u2013\u00a0che il Campus debba proseguire il suo percorso perch\u00e9 da decenni svolge un\u2019attivit\u00e0 di valenza sociale e culturale. L\u2019intento \u00e8 di formare e far lavorare i giovani, diffondere la conoscenza della musica e dei luoghi storici del territorio. Ringrazio dunque per la volont\u00e0, la disponibilit\u00e0 e la passione dei soci, dei Maestri, di tutti i collaboratori, dei sostenitori e degli sponsor che credono fermamente che il Campus debba avere un futuro, e che debba essere un futuro con una propria identit\u00e0\u201d.<\/p>\n<p style=\"text-align: justify;\">\u201cLa cosa pi\u00f9 difficile per un festival, soprattutto in Italia, \u00e8 mantenere la continuit\u00e0 e la passione, che nonostante tutte le difficolt\u00e0 il Pontino conserva con dedizione\u00a0\u2013 ha detto\u00a0<strong>Alessandro Solbiati<\/strong>, membro del comitato artistico del Campus, presente da 45 anni nella vita del festival, sia come compositore sia come docente \u2013.\u00a0Mi piace segnalare, in questa 61esima edizione, alcuni elementi comuni. Una meravigliosa attenzione alla musica al femminile, soprattutto alle compositrici, a partire da Louise Farrenc che viene omaggiata nel concerto di apertura; l\u2019appoggio ai giovani musicisti, sia compositori, sia interpreti; l\u2019attenzione alla musica d\u2019oggi, presente oltre che negli Incontri internazionali di musica contemporanea, nei vari concerti del festival, in cui c\u2019\u00e8 uno spostamento in avanti delle date di nascita dei compositori che verranno eseguiti. Infine un grande numero di festeggiamenti, da Berio per i 100 anni della nascita a Shostakokich per i 50 anni della morte\u201d.<\/p>\n<p style=\"text-align: justify;\"><strong>L\u2019INAUGURAZIONE<\/strong> &#8211; <strong>Gioved\u00ec 3 luglio<\/strong>\u00a0(ore 21) inaugurazione tutta al femminile, alla riscoperta della pianista e compositrice francese\u00a0Louise Farrenc\u00a0di cui nel 2025 ricorrono i 150 anni della morte. Al Castello Caetani di Sermoneta, il trio composto da\u00a0Mihaela Costea\u00a0al violino,\u00a0Silvia Chiesa\u00a0al violoncello e\u00a0Linda Di Carlo\u00a0al pianoforte la ricorda nella serata\u00a0Louise Farrenc: una donna allo specchio\u00a0con alcune tra le opere pi\u00f9 rappresentative del suo repertorio da camera. Alla musica si alterna la voce recitante dell\u2019attrice\u00a0Anna Bonaiuto, su testi originali di\u00a0Antonella Campani. La Bonaiuto veste i panni della\u00a0stessa musicista e parla in prima persona al pubblico, raccontando la sua storia, le sue battaglie e i suoi successi professionali: il difficile percorso di una donna che fu in grado di sconfiggere i pregiudizi di un ambiente tradizionalmente maschile come quello musicale francese dell\u2019Ottocento e di rivendicare la propria professionalit\u00e0 di docente di Conservatorio, ottenendo lo stesso compenso dei colleghi uomini.<\/p>\n<p style=\"text-align: justify;\"><strong>GLI ALTRI CONCERTI<\/strong> &#8211; <strong>Il 4 luglio<\/strong> all\u2019Abbazia di Valvisciolo, le percussioni di Ars Ludi, Leone d\u2019Argento alla Biennale Musica del 2022, si uniscono all\u2019Ars Trio di Roma nel concerto Cinquant\u2019anni senza Dmitrij Shostakovich con l\u2019impegnativa esecuzione della Quindicesima Sinfonia, l\u2019ultima del compositore sovietico, scritta nel 1972, qui riproposta nell\u2019arrangiamento di Viktor Derevianko.<\/p>\n<p style=\"text-align: justify;\"><strong>Il\u00a05 luglio<\/strong>\u00a0al Parco Naturale Pantanello,\u00a0Calogero Palermo, primo clarinetto della Tonhalle Orchester Z\u00fcrich Royal, a Sermoneta anche docente dei Corsi di perfezionamento, si unisce al giovanissimo violoncellista ticinese\u00a0Sandro Meszaros,\u00a0violoncellista dell\u2019orchestra zurighese, e alla pianista di\u00a0Linda Di Carlo\u00a0per i Trii di Brahms e Zemlinsky.<\/p>\n<p style=\"text-align: justify;\">Il Festival avvia una nuova collaborazione, con l\u2019Accademia Chigiana di Siena, per il concerto del\u00a0Quartetto d\u2019archi Sincronie\u00a0del\u00a0<strong>9 luglio<\/strong>\u00a0nel Chiostro dell\u2019Abbazia di Valvisciolo. Il programma mette in dialogo musica antica e musica del XX secolo, passando da Monteverdi a Malipiero, un progetto che il Quartetto ha anche inciso in CD, ricevendo nel 2025 la nomination all\u2019International Classic Music Awards.<\/p>\n<p>L\u2019<strong>11 luglio<\/strong> celebri canzoni dal repertorio pop e cantautorale italiano e internazionale per <em>Il Coro non c&#8217;\u00e8<\/em> composto da giovani fra i 14 e i 26 anni provenienti da cori scolastici di alcuni licei di Roma che debutteranno all\u2019Abbazia di Valvisciolo.<\/p>\n<p>Arpa delle meraviglie: tra eleganza e ribellione \u00e8 il titolo scelto dall\u2019arpista Brian Meloni Lebano per il suo recital del 12 luglio al Parco Naturale Pantanello con un programma che spazia fra repertorio operistico, il flamenco e il barocco, fra brani originali e trascrizioni.<\/p>\n<p>Il\u00a0<strong>13 luglio<\/strong>\u00a0il secondo omaggio del Festival, per i 150 anni della nascita di Maurice Ravel, spetta al pianista\u00a0Axel Trolese\u00a0che esegue alcune pagine del compositore francese, quali la trascrizione per pianoforte della\u00a0Rapsodie espagnole\u00a0e\u00a0Le tombeau de Couperin, cui si affianca la\u00a0Sonata op. 2 n. 3\u00a0si Beethoven.<\/p>\n<p>Gradito ritorno al Festival per Corrado Rojac con la sua armonica a mantice nel concerto al Chiostro dell\u2019Abbazia di Valvisciolo del 17 luglio che lo vede al fianco del soprano Stelia Doz. La serata \u00e8 dedicata alla riscoperta delle romanze del compositore mantovano Giuseppe Greggiati.<\/p>\n<p>Il\u00a0<strong>18 luglio<\/strong>\u00a0al Castello Caetani di Sermoneta si conclude il\u00a0workshop di composizione di Alessandro Solbiati, che ogni anno richiama giovani compositori dall\u2019Italia e dall\u2019estero: nell\u2019appuntamento conclusivo l\u2019esecuzione delle musiche scritte durante i giorni di studio a Sermoneta affidate alla cura di\u00a0mdi ensemble.<\/p>\n<p style=\"text-align: justify;\">Il\u00a0<strong>19 luglio\u00a0<\/strong>si cambia genere con\u00a0Abbrassh, originale compagine di soli ottoni e percussioni dall\u2019ampia versatilit\u00e0 e repertorio. Con\u00a0Andrea Tofanelli\u00a0tromba solista, al Belvedere di Sermoneta presentano\u00a0Blow The Beatles, una carrellata delle canzoni pi\u00f9 celebri dei mitici\u00a0Fab Four.<\/p>\n<p style=\"text-align: justify;\">Tutto irridendo, tutto burlando\u00a0\u00e8 il recital voce e pianoforte del<strong>\u00a020 luglio<\/strong>\u00a0al Castello Caetani di Sermoneta con il soprano (anche voce recitante)\u00a0Maria Eleonora Caminada\u00a0e il pianista\u00a0Alfonso Alberti. Sfruttando l\u2019ampio repertorio dei due interpreti, il concerto (che prende il titolo da un verso del poeta Rumi) spazier\u00e0 dalle\u00a0Canzoni popolari\u00a0di Berio ai\u00a0P\u00e9ch\u00e9s de vieillesse\u00a0di Rossini, fino a Erik Satie e una novit\u00e0 di Luca Mosca.<\/p>\n<p style=\"text-align: justify;\">Particolare organico quello del\u00a0Trio Zazel\u00a0(violino, violoncello e fisarmonica), formatosi al Conservatorio di Latina nel 2019 e oggi formazione stabile. Il<strong>\u00a022 luglio<\/strong>\u00a0alla Corte comunale di Sabaudia esegue una trascrizione delle\u00a0Estaciones Porte\u00f1os\u00a0di Piazzolla, il\u00a0Trio n. 6 Hob. XV:40\u00a0di Haydn e una prima assoluta per il Trio di Martina Cavazza Preta.<\/p>\n<p style=\"text-align: justify;\">Trio d\u2019eccezione, quello che si ascolter\u00e0 il<strong>\u00a025 luglio<\/strong>, formato da tre eccellenti musicisti, anche docenti dei Corsi di perfezionamento di Sermoneta:\u00a0Marco Rizzi\u00a0violino,\u00a0Giovanni Gnocchi\u00a0violoncello e\u00a0Andrea Lucchesini\u00a0al pianoforte, ricordano al Castello Caetani di Sermoneta tre importanti ricorrenze che cadono nel 2025 \u2013 i 100 anni della nascita di Luciano Berio, i 50 anni della scomparsa di Luigi Dallapiccola e i 150 anni della nascita di Maurice Ravel \u2013 eseguendo la musica dei tre compositori, cui si aggiunge il\u00a0Trio n. 1 op. 99\u00a0di Schubert.<\/p>\n<p style=\"text-align: justify;\">Dopo il successo dello scorso anno, torna l\u2019appuntamento\u00a0Suona con i maestri, uno scambio proficuo e formativo fra docenti e allievi. Rizzi, Gnocchi e Lucchesini saranno di nuovo al Castello di Sermoneta, il\u00a0<strong>27 luglio<\/strong>, insieme a sei musicisti under 35 selezionati durante i Corsi di Sermoneta per eseguire Trii di Brahms e Schumann.<\/p>\n<p style=\"text-align: justify;\">La chiusura di festival sar\u00e0 a Sermoneta, il\u00a0<strong>31 luglio<\/strong>, con il\u00a0Neos Saxophone Ensemble, formazione pontina diretta da\u00a0Daniele Caporaso. Salgono sul palco insieme al celebre sassofonista\u00a0Claude Delangle, storico docente dei Corsi di Sermoneta, e alla moglie\u00a0Odile Cateline-Delangle\u00a0al pianoforte. Programma di ampio respiro, da Vivaldi e Mozart fino a Chick Corea e Piazzolla, per apprezzare tutte le sonorit\u00e0 del sax, con due novit\u00e0 in prima assoluta di Paolo Rotili, Christina Athinodorou e Maurizio Furlani.<\/p>\n<p style=\"text-align: justify;\"><strong>I CORSI DI PERFEZIONAMENTO<\/strong> &#8211;\u00a0Anche quest\u2019anno arrivano da tutto il mondo, numerosi, giovani musicisti che si ritroveranno a Sermoneta per studiare con i docenti dei\u00a0Corsi di perfezionamento, interpreti del panorama musicale internazionale: sono\u00a0Calogero Palermo\u00a0(clarinetto),\u00a0Alessandro Solbiati\u00a0(composizione),\u00a0Corrado Rojac\u00a0(fisarmonica),\u00a0Andrea Lucchesini\u00a0(pianoforte),\u00a0Claude Delangle\u00a0(sassofono),\u00a0Giovanni Albini\u00a0(ukulele),\u00a0Marco Rizzi\u00a0(violino) e\u00a0Giovanni Gnocchi\u00a0(violoncello).<\/p>\n<p style=\"text-align: justify;\">Biglietti\u00a010 euro (a eccezione dei concerti del 4, 5, 25 luglio: 15 euro). Concerti degli Incontri di musica Contemporanea e workshop 5 euro; concerti Giovani artisti del mondo a Sermoneta 2 euro. Riduzioni per i possessori di Youth Card. Per poter assistere ai concerti del Festival Pontino \u00e8 consigliata la prenotazione via WhatsApp al 329-7540544 oppure via e-mail a\u00a0biglietteria@campusmusica.it<\/p>\n<div class=\"radio-posizionamento-telefono-in-articoli-dopo-il-contenuto-articolo radio-entity-placement\" id=\"radio-963778940\"><div id=\"radio-1330961170\"><a href=\"https:\/\/grupporedi.it\/\" aria-label=\"Redi-Qr\"><img loading=\"lazy\" decoding=\"async\" src=\"https:\/\/www.radioluna.it\/news\/wp-content\/uploads\/2026\/03\/Redi-Qr.jpg\" alt=\"\"  srcset=\"https:\/\/www.radioluna.it\/news\/wp-content\/uploads\/2026\/03\/Redi-Qr.jpg 800w, https:\/\/www.radioluna.it\/news\/wp-content\/uploads\/2026\/03\/Redi-Qr-768x639.jpg 768w\" sizes=\"(max-width: 800px) 100vw, 800px\" width=\"300\" height=\"250\"   \/><\/a><\/div><\/div>","protected":false},"excerpt":{"rendered":"<p>SERMONETA &#8211; Oltre venti concerti e pi\u00f9 di cento musicisti coinvolti fra interpreti affermati e giovani talenti, nei luoghi di grande bellezza del territorio pontino. E&#8217; il Festival Pontino di Musica, 61\u00b0 edizione, che dal 3 al 31 luglio animer\u00e0 il Castello Caetani e il borgo di Sermoneta, l\u2019Abbazia di Valvisciolo, la corte comunale di [&hellip;]<\/p>\n","protected":false},"author":62,"featured_media":379323,"comment_status":"open","ping_status":"open","sticky":false,"template":"","format":"gallery","meta":{"footnotes":""},"categories":[16,734],"tags":[],"class_list":["post-379322","post","type-post","status-publish","format-gallery","has-post-thumbnail","hentry","category-appuntamenti","category-evidenza","post_format-post-format-gallery"],"_links":{"self":[{"href":"https:\/\/www.radioluna.it\/news\/wp-json\/wp\/v2\/posts\/379322","targetHints":{"allow":["GET"]}}],"collection":[{"href":"https:\/\/www.radioluna.it\/news\/wp-json\/wp\/v2\/posts"}],"about":[{"href":"https:\/\/www.radioluna.it\/news\/wp-json\/wp\/v2\/types\/post"}],"author":[{"embeddable":true,"href":"https:\/\/www.radioluna.it\/news\/wp-json\/wp\/v2\/users\/62"}],"replies":[{"embeddable":true,"href":"https:\/\/www.radioluna.it\/news\/wp-json\/wp\/v2\/comments?post=379322"}],"version-history":[{"count":3,"href":"https:\/\/www.radioluna.it\/news\/wp-json\/wp\/v2\/posts\/379322\/revisions"}],"predecessor-version":[{"id":379361,"href":"https:\/\/www.radioluna.it\/news\/wp-json\/wp\/v2\/posts\/379322\/revisions\/379361"}],"wp:featuredmedia":[{"embeddable":true,"href":"https:\/\/www.radioluna.it\/news\/wp-json\/wp\/v2\/media\/379323"}],"wp:attachment":[{"href":"https:\/\/www.radioluna.it\/news\/wp-json\/wp\/v2\/media?parent=379322"}],"wp:term":[{"taxonomy":"category","embeddable":true,"href":"https:\/\/www.radioluna.it\/news\/wp-json\/wp\/v2\/categories?post=379322"},{"taxonomy":"post_tag","embeddable":true,"href":"https:\/\/www.radioluna.it\/news\/wp-json\/wp\/v2\/tags?post=379322"}],"curies":[{"name":"wp","href":"https:\/\/api.w.org\/{rel}","templated":true}]}}