{"id":379513,"date":"2025-06-20T08:57:29","date_gmt":"2025-06-20T06:57:29","guid":{"rendered":"https:\/\/www.radioluna.it\/news\/?p=379513"},"modified":"2025-06-20T08:57:29","modified_gmt":"2025-06-20T06:57:29","slug":"a-sermoneta-arriva-un-castello-di-libri","status":"publish","type":"post","link":"https:\/\/www.radioluna.it\/news\/2025\/06\/a-sermoneta-arriva-un-castello-di-libri\/","title":{"rendered":"A Sermoneta arriva Un Castello di Libri"},"content":{"rendered":"<div id=\"fb-root\"><\/div>\n<p style=\"text-align: justify;\">Due giorni immersi nel mondo della lettura a Sermoneta, dove luned\u00ec 23 e marted\u00ec 24 giugno si terr\u00e0 Un Castello di Libri, l\u2019incontro tra librerie ed editori che ha lo scopo di promuovere il dialogo, facilitando la presentazione di nuove pubblicazioni e la discussione su tematiche attuali del settore editoriale.<\/p>\n<p style=\"text-align: justify;\">Ideato e realizzato dalla casa editrice Lab DFG, l\u2019evento vede la partecipazione della casa editrice TUNU\u00c9. Dall\u2019altra parte del tavolo ci saranno librai provenienti da diverse parti d\u2019Italia. Un incontro diretto con la centro il libro e le emozioni che suscita.\u00a0 Non poteva che essere il Castello Caetani a ospitare l\u2019incontro: una cornice suggestiva e rilassante, adatta a facilitare il dialogo e a creare momenti di scambio e di crescita per entrambi i settori, legati indissolubilmente tra di loro.\u00a0Il programma prevede due\u00a0Panel sui mercati del futuro, in particolare sulla letteratura sportiva e sul fumetto.<\/p>\n<p style=\"text-align: justify;\">\u00ab<em>Un\u2019iniziativa di rilievo<\/em> \u2013 dichiara Emanuele Di Giorgi, l\u2019editore pontino che negli anni ha fatto della Tunu\u00e8 una realt\u00e0 leader nel settore del fumetto \u2013 che non lascia dubbi sulla caratura nazionale del progetto editoriale della Lab DFG, che punta irrobustire il rapporto con le librerie\u00bb.<\/p>\n<p>&nbsp;<\/p>\n","protected":false},"excerpt":{"rendered":"<p>Due giorni immersi nel mondo della lettura a Sermoneta, dove luned\u00ec 23 e marted\u00ec 24 giugno si terr\u00e0 Un Castello di Libri, l\u2019incontro tra librerie ed editori che ha lo scopo di promuovere il dialogo, facilitando la presentazione di nuove pubblicazioni e la discussione su tematiche attuali del settore editoriale. Ideato e realizzato dalla casa [&hellip;]<\/p>\n","protected":false},"author":5443,"featured_media":379514,"comment_status":"open","ping_status":"open","sticky":false,"template":"","format":"standard","meta":{"footnotes":""},"categories":[16,734],"tags":[],"class_list":["post-379513","post","type-post","status-publish","format-standard","has-post-thumbnail","hentry","category-appuntamenti","category-evidenza"],"_links":{"self":[{"href":"https:\/\/www.radioluna.it\/news\/wp-json\/wp\/v2\/posts\/379513","targetHints":{"allow":["GET"]}}],"collection":[{"href":"https:\/\/www.radioluna.it\/news\/wp-json\/wp\/v2\/posts"}],"about":[{"href":"https:\/\/www.radioluna.it\/news\/wp-json\/wp\/v2\/types\/post"}],"author":[{"embeddable":true,"href":"https:\/\/www.radioluna.it\/news\/wp-json\/wp\/v2\/users\/5443"}],"replies":[{"embeddable":true,"href":"https:\/\/www.radioluna.it\/news\/wp-json\/wp\/v2\/comments?post=379513"}],"version-history":[{"count":1,"href":"https:\/\/www.radioluna.it\/news\/wp-json\/wp\/v2\/posts\/379513\/revisions"}],"predecessor-version":[{"id":379515,"href":"https:\/\/www.radioluna.it\/news\/wp-json\/wp\/v2\/posts\/379513\/revisions\/379515"}],"wp:featuredmedia":[{"embeddable":true,"href":"https:\/\/www.radioluna.it\/news\/wp-json\/wp\/v2\/media\/379514"}],"wp:attachment":[{"href":"https:\/\/www.radioluna.it\/news\/wp-json\/wp\/v2\/media?parent=379513"}],"wp:term":[{"taxonomy":"category","embeddable":true,"href":"https:\/\/www.radioluna.it\/news\/wp-json\/wp\/v2\/categories?post=379513"},{"taxonomy":"post_tag","embeddable":true,"href":"https:\/\/www.radioluna.it\/news\/wp-json\/wp\/v2\/tags?post=379513"}],"curies":[{"name":"wp","href":"https:\/\/api.w.org\/{rel}","templated":true}]}}