{"id":379521,"date":"2025-06-20T11:44:38","date_gmt":"2025-06-20T09:44:38","guid":{"rendered":"https:\/\/www.radioluna.it\/news\/?p=379521"},"modified":"2025-06-20T11:44:38","modified_gmt":"2025-06-20T09:44:38","slug":"simula-il-furto-dellauto-noleggiata-denunciato-a-cisterna","status":"publish","type":"post","link":"https:\/\/www.radioluna.it\/news\/2025\/06\/simula-il-furto-dellauto-noleggiata-denunciato-a-cisterna\/","title":{"rendered":"Simula il furto dell&#8217;auto noleggiata, denunciato a Cisterna"},"content":{"rendered":"<div id=\"fb-root\"><\/div>\n<p>CISTERNA &#8211; Ha denunciato il furto dell\u2019auto di propriet\u00e0 di una societ\u00e0 di noleggio che aveva affittato, ma in realt\u00e0 era stata portata in Puglia per poi essere imbarcata con destinazione per la Bulgaria. Il suo piano non \u00e8 andato per\u00f2 a buon fine perch\u00e9 \u00e8 stato scoperto. A Cisterna di Latina i Carabinieri hanno denunciato, in stato di libert\u00e0, un uomo di 24 anni del luogo, gi\u00e0 noto alle forze di polizia, per i reati di simulazione di reato e appropriazione indebita.<\/p>\n","protected":false},"excerpt":{"rendered":"<p>CISTERNA &#8211; Ha denunciato il furto dell\u2019auto di propriet\u00e0 di una societ\u00e0 di noleggio che aveva affittato, ma in realt\u00e0 era stata portata in Puglia per poi essere imbarcata con destinazione per la Bulgaria. Il suo piano non \u00e8 andato per\u00f2 a buon fine perch\u00e9 \u00e8 stato scoperto. A Cisterna di Latina i Carabinieri hanno [&hellip;]<\/p>\n","protected":false},"author":5444,"featured_media":379522,"comment_status":"open","ping_status":"open","sticky":false,"template":"","format":"standard","meta":{"footnotes":""},"categories":[7,2428],"tags":[],"class_list":["post-379521","post","type-post","status-publish","format-standard","has-post-thumbnail","hentry","category-cronaca","category-primo-piano"],"_links":{"self":[{"href":"https:\/\/www.radioluna.it\/news\/wp-json\/wp\/v2\/posts\/379521","targetHints":{"allow":["GET"]}}],"collection":[{"href":"https:\/\/www.radioluna.it\/news\/wp-json\/wp\/v2\/posts"}],"about":[{"href":"https:\/\/www.radioluna.it\/news\/wp-json\/wp\/v2\/types\/post"}],"author":[{"embeddable":true,"href":"https:\/\/www.radioluna.it\/news\/wp-json\/wp\/v2\/users\/5444"}],"replies":[{"embeddable":true,"href":"https:\/\/www.radioluna.it\/news\/wp-json\/wp\/v2\/comments?post=379521"}],"version-history":[{"count":1,"href":"https:\/\/www.radioluna.it\/news\/wp-json\/wp\/v2\/posts\/379521\/revisions"}],"predecessor-version":[{"id":379523,"href":"https:\/\/www.radioluna.it\/news\/wp-json\/wp\/v2\/posts\/379521\/revisions\/379523"}],"wp:featuredmedia":[{"embeddable":true,"href":"https:\/\/www.radioluna.it\/news\/wp-json\/wp\/v2\/media\/379522"}],"wp:attachment":[{"href":"https:\/\/www.radioluna.it\/news\/wp-json\/wp\/v2\/media?parent=379521"}],"wp:term":[{"taxonomy":"category","embeddable":true,"href":"https:\/\/www.radioluna.it\/news\/wp-json\/wp\/v2\/categories?post=379521"},{"taxonomy":"post_tag","embeddable":true,"href":"https:\/\/www.radioluna.it\/news\/wp-json\/wp\/v2\/tags?post=379521"}],"curies":[{"name":"wp","href":"https:\/\/api.w.org\/{rel}","templated":true}]}}