{"id":379672,"date":"2025-06-21T16:28:08","date_gmt":"2025-06-21T14:28:08","guid":{"rendered":"https:\/\/www.radioluna.it\/news\/?p=379672"},"modified":"2025-06-21T16:28:08","modified_gmt":"2025-06-21T14:28:08","slug":"fondi-case-popolari-nei-beni-confiscati-alla-criminalita","status":"publish","type":"post","link":"https:\/\/www.radioluna.it\/news\/2025\/06\/fondi-case-popolari-nei-beni-confiscati-alla-criminalita\/","title":{"rendered":"Fondi: case popolari nei beni confiscati alla criminalit\u00e0"},"content":{"rendered":"<div id=\"fb-root\"><\/div>\n<p style=\"text-align: justify;\" data-start=\"236\" data-end=\"580\">Sono ufficialmente terminati i lavori di ristrutturazione di un immobile confiscato alla criminalit\u00e0 organizzata e situato nel centro di Fondi. Grazie a un intervento di riconversione, l\u2019appartamento \u00e8 stato suddiviso in due alloggi pi\u00f9 piccoli, destinati all\u2019edilizia popolare, permettendo cos\u00ec un ulteriore scorrimento nella graduatoria Ater.<\/p>\n<p style=\"text-align: justify;\" data-start=\"582\" data-end=\"906\">L\u2019operazione \u00e8 stata resa possibile da un finanziamento regionale ottenuto dal Comune partecipando a un apposito bando dedicato alla ristrutturazione di beni sottratti alla criminalit\u00e0 organizzata. A coordinare l\u2019iniziativa il settore Urbanistica guidato dall\u2019assessore Claudio Spagnardi e dal dirigente Bonaventura Pianese.<\/p>\n<p style=\"text-align: justify;\" data-start=\"908\" data-end=\"1584\">Si tratta dell\u2019ennesimo esempio di riutilizzo virtuoso di un bene confiscato: nel Comune di Fondi la maggior parte degli immobili sottratti alla malavita \u00e8 stata infatti destinata a finalit\u00e0 di pubblica utilit\u00e0, con una particolare attenzione all\u2019emergenza abitativa. Oltre agli otto appartamenti gi\u00e0 riconvertiti in alloggi popolari, altre strutture pi\u00f9 ampie sono state trasformate in un centro antiviolenza, nella sede dell\u2019Ares 118 in una posizione strategica tra Fondi, Terracina e Sperlonga, e in una casa famiglia per minori, attualmente in fase di realizzazione. I locali non adatti all\u2019uso abitativo sono stati invece concessi ad associazioni che operano nel sociale.<\/p>\n<p style=\"text-align: justify;\" data-start=\"1586\" data-end=\"2215\">\u00abFondi si conferma un Comune virtuoso sotto il profilo dell&#8217;utilizzo e dell&#8217;assegnazione dei beni confiscati alla criminalit\u00e0 organizzata \u2013 dichiarano il sindaco Beniamino Maschietto e l\u2019assessore Claudio Spagnardi \u2013. Non solo gli immobili sono stati riassegnati in tempi brevi, ma gli uffici sono riusciti ad ottenere importanti risorse per renderli fruibili. Spesso, infatti, i beni confiscati si trovano in condizioni strutturali molto critiche, ma grazie alla partecipazione ai bandi e a una valutazione attenta delle necessit\u00e0 della cittadinanza, siamo riusciti a trasformarli in una risposta concreta al bisogno abitativo\u00bb.<\/p>\n","protected":false},"excerpt":{"rendered":"<p>Sono ufficialmente terminati i lavori di ristrutturazione di un immobile confiscato alla criminalit\u00e0 organizzata e situato nel centro di Fondi. Grazie a un intervento di riconversione, l\u2019appartamento \u00e8 stato suddiviso in due alloggi pi\u00f9 piccoli, destinati all\u2019edilizia popolare, permettendo cos\u00ec un ulteriore scorrimento nella graduatoria Ater. L\u2019operazione \u00e8 stata resa possibile da un finanziamento regionale [&hellip;]<\/p>\n","protected":false},"author":5443,"featured_media":379673,"comment_status":"open","ping_status":"open","sticky":false,"template":"","format":"standard","meta":{"footnotes":""},"categories":[7,734],"tags":[],"class_list":["post-379672","post","type-post","status-publish","format-standard","has-post-thumbnail","hentry","category-cronaca","category-evidenza"],"_links":{"self":[{"href":"https:\/\/www.radioluna.it\/news\/wp-json\/wp\/v2\/posts\/379672","targetHints":{"allow":["GET"]}}],"collection":[{"href":"https:\/\/www.radioluna.it\/news\/wp-json\/wp\/v2\/posts"}],"about":[{"href":"https:\/\/www.radioluna.it\/news\/wp-json\/wp\/v2\/types\/post"}],"author":[{"embeddable":true,"href":"https:\/\/www.radioluna.it\/news\/wp-json\/wp\/v2\/users\/5443"}],"replies":[{"embeddable":true,"href":"https:\/\/www.radioluna.it\/news\/wp-json\/wp\/v2\/comments?post=379672"}],"version-history":[{"count":1,"href":"https:\/\/www.radioluna.it\/news\/wp-json\/wp\/v2\/posts\/379672\/revisions"}],"predecessor-version":[{"id":379674,"href":"https:\/\/www.radioluna.it\/news\/wp-json\/wp\/v2\/posts\/379672\/revisions\/379674"}],"wp:featuredmedia":[{"embeddable":true,"href":"https:\/\/www.radioluna.it\/news\/wp-json\/wp\/v2\/media\/379673"}],"wp:attachment":[{"href":"https:\/\/www.radioluna.it\/news\/wp-json\/wp\/v2\/media?parent=379672"}],"wp:term":[{"taxonomy":"category","embeddable":true,"href":"https:\/\/www.radioluna.it\/news\/wp-json\/wp\/v2\/categories?post=379672"},{"taxonomy":"post_tag","embeddable":true,"href":"https:\/\/www.radioluna.it\/news\/wp-json\/wp\/v2\/tags?post=379672"}],"curies":[{"name":"wp","href":"https:\/\/api.w.org\/{rel}","templated":true}]}}