{"id":379692,"date":"2025-06-22T08:27:57","date_gmt":"2025-06-22T06:27:57","guid":{"rendered":"https:\/\/www.radioluna.it\/news\/?p=379692"},"modified":"2025-06-23T10:12:51","modified_gmt":"2025-06-23T08:12:51","slug":"pontinia-in-via-di-completamento-i-lavori-in-via-giulio-cesare","status":"publish","type":"post","link":"https:\/\/www.radioluna.it\/news\/2025\/06\/pontinia-in-via-di-completamento-i-lavori-in-via-giulio-cesare\/","title":{"rendered":"Pontinia, in via di completamento i lavori in via Giulio Cesare"},"content":{"rendered":"<div id=\"fb-root\"><\/div>\n<p>PONTINIA &#8211; Sono ormai in dirittura d\u2019arrivo a Pontinia i lavori per i nuovi marciapiedi e per l\u2019abbattimento delle barriere architettoniche lungo viale Giulio Cesare, strada di fondamentale importanza per la viabilit\u00e0 cittadina. Il progetto, che ha previsto anche l\u2019inserimento di scivoli e percorsi tattili, \u00e8 stato vincitore di un apposito bando dell\u2019Astral Spa. Finanziati con il Dgr 675 del 2023, i lavori sono stati eseguiti dall\u2019impresa di Maenza \u201cEdil Scavi Srl\u201d, aggiudicataria dell\u2019appalto per un importo di oltre 339mila euro. Progettista e direttore dei lavori \u00e8 stato il Geometra Gianluigi Ierussi. Si \u00e8 intervenuti per riqualificare i marciapiedi lungo il tratto di via Giulio Cesare compreso tra via Mameli e via Marconi, a ridosso di scuole e attivit\u00e0 commerciali e in prossimit\u00e0 della Chiesa di Sant\u2019Anna e del collegamento con piazza Indipendenza e con le strade del centro urbano. Si \u00e8 provveduto a rimuovere gli ostacoli per le persone con difficolt\u00e0 motorie e sono stati introdotti accorgimenti e segnalazioni per consentire ai non vedenti o a quanti hanno problemi di udito l&#8217;orientamento e la riconoscibilit\u00e0 dei luoghi e delle fonti di pericolo. Il vicesindaco e assessore ai Lavori Pubblici Massimo Mantova ha programmato per la prima decade di luglio la chiusura dei lavori: \u201cSiamo certi di aver consegnato alla Citt\u00e0 un\u2019opera di fondamentale importanza per la vivibilit\u00e0 e la sicurezza ma anche per il profilo prettamente estetico. Di fatto abbiamo realizzato un intervento che abbraccia il contesto attorno alla piazza Pio VI ed il prolungamento di via Cesare Battisti, collegamento con piazza indipendenza. Le caratteristiche dei marciapiedi sono state armonizzate con il quadro esistente e sono state concepite nell\u2019ottica di una programmazione pi\u00f9 ampia che riguarder\u00e0 a breve la riqualificazione del parcheggio di via Mameli\u201d. Anche il sindaco, Eligio Tombolillo, ha espresso tutta la sua soddisfazione per la realizzazione dell\u2019opera: \u201cSono felice per questa importante novit\u00e0 per la nostra Citt\u00e0, fondamentale per la sicurezza, la migliore vivibilit\u00e0 e l&#8217;aspetto estetico. Mi fa particolarmente piacere pensare che il mese prossimo i tanti visitatori attesi per la festa della nostra Patrona Sant&#8217;Anna potranno ammirare le nuove opere sulla tanto trafficata via Giulio Cesare. Si tratta di un nuovo passo nel programma di questa Amministrazione mirato alla rigenerazione e al rilancio dei beni pubblici\u201d. <\/p>\n<div class=\"radio-posizionamento-telefono-in-articoli-dopo-il-contenuto-articolo radio-entity-placement\" id=\"radio-1858617479\"><div id=\"radio-1800071559\"><a href=\"https:\/\/www.simeoneceramiche.com\/\" aria-label=\"SIMEONE CERAMICHE GIF animata per radioluna_Tavola disegno 1 copia 2 (online-video-cutter.com)\"><img loading=\"lazy\" decoding=\"async\" src=\"https:\/\/www.radioluna.it\/news\/wp-content\/uploads\/2025\/05\/SIMEONE-CERAMICHE-GIF-animata-per-radioluna_Tavola-disegno-1-copia-2-online-video-cutter.com_.gif\" alt=\"\"  width=\"300\" height=\"250\"   \/><\/a><\/div><\/div>","protected":false},"excerpt":{"rendered":"<p>PONTINIA &#8211; Sono ormai in dirittura d\u2019arrivo a Pontinia i lavori per i nuovi marciapiedi e per l\u2019abbattimento delle barriere architettoniche lungo viale Giulio Cesare, strada di fondamentale importanza per la viabilit\u00e0 cittadina. Il progetto, che ha previsto anche l\u2019inserimento di scivoli e percorsi tattili, \u00e8 stato vincitore di un apposito bando dell\u2019Astral Spa. Finanziati [&hellip;]<\/p>\n","protected":false},"author":5444,"featured_media":379693,"comment_status":"open","ping_status":"open","sticky":false,"template":"","format":"standard","meta":{"footnotes":""},"categories":[15],"tags":[],"class_list":["post-379692","post","type-post","status-publish","format-standard","has-post-thumbnail","hentry","category-cultura"],"_links":{"self":[{"href":"https:\/\/www.radioluna.it\/news\/wp-json\/wp\/v2\/posts\/379692","targetHints":{"allow":["GET"]}}],"collection":[{"href":"https:\/\/www.radioluna.it\/news\/wp-json\/wp\/v2\/posts"}],"about":[{"href":"https:\/\/www.radioluna.it\/news\/wp-json\/wp\/v2\/types\/post"}],"author":[{"embeddable":true,"href":"https:\/\/www.radioluna.it\/news\/wp-json\/wp\/v2\/users\/5444"}],"replies":[{"embeddable":true,"href":"https:\/\/www.radioluna.it\/news\/wp-json\/wp\/v2\/comments?post=379692"}],"version-history":[{"count":1,"href":"https:\/\/www.radioluna.it\/news\/wp-json\/wp\/v2\/posts\/379692\/revisions"}],"predecessor-version":[{"id":379694,"href":"https:\/\/www.radioluna.it\/news\/wp-json\/wp\/v2\/posts\/379692\/revisions\/379694"}],"wp:featuredmedia":[{"embeddable":true,"href":"https:\/\/www.radioluna.it\/news\/wp-json\/wp\/v2\/media\/379693"}],"wp:attachment":[{"href":"https:\/\/www.radioluna.it\/news\/wp-json\/wp\/v2\/media?parent=379692"}],"wp:term":[{"taxonomy":"category","embeddable":true,"href":"https:\/\/www.radioluna.it\/news\/wp-json\/wp\/v2\/categories?post=379692"},{"taxonomy":"post_tag","embeddable":true,"href":"https:\/\/www.radioluna.it\/news\/wp-json\/wp\/v2\/tags?post=379692"}],"curies":[{"name":"wp","href":"https:\/\/api.w.org\/{rel}","templated":true}]}}