{"id":379703,"date":"2025-06-22T10:47:26","date_gmt":"2025-06-22T08:47:26","guid":{"rendered":"https:\/\/www.radioluna.it\/news\/?p=379703"},"modified":"2025-06-24T14:11:11","modified_gmt":"2025-06-24T12:11:11","slug":"litoranea-manutenzione-straordinaria-al-via-i-lavori-di-sagomatura-e-messa-in-sicurezza","status":"publish","type":"post","link":"https:\/\/www.radioluna.it\/news\/2025\/06\/litoranea-manutenzione-straordinaria-al-via-i-lavori-di-sagomatura-e-messa-in-sicurezza\/","title":{"rendered":"Litoranea: manutenzione straordinaria al via i lavori di sagomatura e messa in sicurezza"},"content":{"rendered":"<div id=\"fb-root\"><\/div>\n<p>SABAUDIA &#8211; La Provincia di Latina informa che da luned\u00ec 23 giugno 2025 inizieranno i lavori di sagomatura e manutenzione straordinaria del piano viabile lungo alcuni tratti della Strada Provinciale n. 46 Litoranea, nei territori comunali di Sabaudia e San Felice Circeo, finalizzati al miglioramento della sicurezza degli utenti della strada.<\/p>\n<p>Durante le lavorazioni sar\u00e0 disposta la chiusura temporanea al traffico veicolare, esclusivamente nella fascia oraria 07:00 \u2013 18:00 e per i tratti interessati quali:<\/p>\n<p>Tratto 1: dal km 21+400 (rotatoria tra Migliara 53 e Via Biancamano) al km 22+950 (rotatoria tra Via Carlo Alberto, Migliara 54 e Migliara 56);<\/p>\n<p>Tratto 2: dal km 25+000 (rotatoria con Migliara 58) al km 26+000 (intersezione con Via Molella).<br \/>\nLe chiusure saranno effettuate nei giorni compresi tra il 23 e il 27 giugno e dal 30 giugno al 4 luglio 2025, e comunque fino al termine dei lavori.<br \/>\nSar\u00e0 sempre garantito il transito ai residenti, ai mezzi di soccorso e ai servizi di trasporto pubblico urbano ed extraurbano.<\/p>\n<p>Gerardo Stefanelli, Presidente della Provincia di Latina, dichiara: \u201cQuesti interventi rappresentano un passo fondamentale per garantire maggiore sicurezza e una migliore percorribilit\u00e0 su una delle arterie pi\u00f9 importanti del nostro litorale. Siamo consapevoli dei disagi temporanei che la chiusura comporter\u00e0, ma contiamo sulla collaborazione di cittadini e turisti per consentire una rapida ed efficace esecuzione delle opere. Investire nella manutenzione delle infrastrutture significa investire nella qualit\u00e0 della vita del nostro territorio.\u201d<br \/>\nTutte le operazioni saranno eseguite nel rispetto delle normative vigenti sulla sicurezza stradale e sulla gestione dei cantieri. Si raccomanda massima prudenza e attenzione alla segnaletica presente in loco.<br \/>\nPer aggiornamenti in tempo reale e modifiche alla viabilit\u00e0, \u00e8 possibile consultare il sito ufficiale della Provincia di Latina: www.provincia.latina.it<\/p>\n<div class=\"radio-posizionamento-telefono-in-articoli-dopo-il-contenuto-articolo radio-entity-placement\" id=\"radio-3718227565\"><div id=\"radio-2498075088\" style=\"width: 300px;height: 250px;\"><a href=\"https:\/\/www.icarspa.it\/auto\/usate\/latina\/\" aria-label=\"banner aprile icar new life &#8211; auto usate latina\"><img loading=\"lazy\" decoding=\"async\" src=\"https:\/\/www.radioluna.it\/news\/wp-content\/uploads\/2026\/02\/banner-aprile-icar-new-life-auto-usate-latina.gif\" alt=\"\"  width=\"300\" height=\"250\"   \/><\/a><\/div><\/div>","protected":false},"excerpt":{"rendered":"<p>SABAUDIA &#8211; La Provincia di Latina informa che da luned\u00ec 23 giugno 2025 inizieranno i lavori di sagomatura e manutenzione straordinaria del piano viabile lungo alcuni tratti della Strada Provinciale n. 46 Litoranea, nei territori comunali di Sabaudia e San Felice Circeo, finalizzati al miglioramento della sicurezza degli utenti della strada. Durante le lavorazioni sar\u00e0 [&hellip;]<\/p>\n","protected":false},"author":5444,"featured_media":0,"comment_status":"open","ping_status":"open","sticky":false,"template":"","format":"standard","meta":{"footnotes":""},"categories":[16],"tags":[],"class_list":["post-379703","post","type-post","status-publish","format-standard","hentry","category-appuntamenti"],"_links":{"self":[{"href":"https:\/\/www.radioluna.it\/news\/wp-json\/wp\/v2\/posts\/379703","targetHints":{"allow":["GET"]}}],"collection":[{"href":"https:\/\/www.radioluna.it\/news\/wp-json\/wp\/v2\/posts"}],"about":[{"href":"https:\/\/www.radioluna.it\/news\/wp-json\/wp\/v2\/types\/post"}],"author":[{"embeddable":true,"href":"https:\/\/www.radioluna.it\/news\/wp-json\/wp\/v2\/users\/5444"}],"replies":[{"embeddable":true,"href":"https:\/\/www.radioluna.it\/news\/wp-json\/wp\/v2\/comments?post=379703"}],"version-history":[{"count":1,"href":"https:\/\/www.radioluna.it\/news\/wp-json\/wp\/v2\/posts\/379703\/revisions"}],"predecessor-version":[{"id":379704,"href":"https:\/\/www.radioluna.it\/news\/wp-json\/wp\/v2\/posts\/379703\/revisions\/379704"}],"wp:attachment":[{"href":"https:\/\/www.radioluna.it\/news\/wp-json\/wp\/v2\/media?parent=379703"}],"wp:term":[{"taxonomy":"category","embeddable":true,"href":"https:\/\/www.radioluna.it\/news\/wp-json\/wp\/v2\/categories?post=379703"},{"taxonomy":"post_tag","embeddable":true,"href":"https:\/\/www.radioluna.it\/news\/wp-json\/wp\/v2\/tags?post=379703"}],"curies":[{"name":"wp","href":"https:\/\/api.w.org\/{rel}","templated":true}]}}