{"id":379737,"date":"2025-06-23T08:37:58","date_gmt":"2025-06-23T06:37:58","guid":{"rendered":"https:\/\/www.radioluna.it\/news\/?p=379737"},"modified":"2025-06-23T08:37:58","modified_gmt":"2025-06-23T06:37:58","slug":"corpus-domini-la-processione-guidata-dal-vescovo-da-san-marco-allimmacolata","status":"publish","type":"post","link":"https:\/\/www.radioluna.it\/news\/2025\/06\/corpus-domini-la-processione-guidata-dal-vescovo-da-san-marco-allimmacolata\/","title":{"rendered":"Corpus Domini, la processione guidata dal vescovo da San Marco all&#8217;Immacolata"},"content":{"rendered":"<div id=\"fb-root\"><\/div>\n<p style=\"text-align: justify;\"><strong>LATINA<\/strong> &#8211; Ieri, domenica 22 giugno, \u00a0il vescovo Mariano Crociata ha presieduto alle 19 la Messa nella cattedrale di S. Marco per la ricorrenza solenne del Santissimo Corpo e Sangue di Cristo, che ha visto in tutte le citt\u00e0 della diocesi svolgersi le tradizionali processioni. A Latina dopo la Messa, l\u2019ostensorio con il Corpo di Cristo, portato dal vescovo Crociata, ha attraversato piazza San Marco per procedere lungo Corso della Repubblica, attraversando Piazza del Popolo, Via Diaz, Via Don Morosini, Viale Mazzini, piazza Buozzi per arrivare alla vicina chiesa dell\u2019Immacolata, dove la processione \u00e8 terminata con la benedizione eucaristica impartita dal Vescovo.<\/p>\n<p style=\"text-align: justify;\">A Terracina, la messa \u00e8 stata celebrata, alle ore 18.30, nella concattedrale di San Cesareo e la processione \u00e8 terminata\u00a0 alla Chiesa del Santissimo Salvatore. A Sezze, alle ore 18.30, la messa nella concattedrale di Santa Maria con la successiva processione per le strade del centro storico. Unica messa cittadina anche a Priverno, alle ore 20 nella chiesa di Sant\u2019Antonio Abate, con processione per le strade del centro storico. Un\u2019altra processione a Fossanova, nei pressi dell\u2019abbazia. A Cisterna di Latina, invece, la messa alle ore 18.30 nella chiesa di San Valentino e la processione per le strade circostanti visti i lavori nel centro storico cittadino.<\/p>\n<p style=\"text-align: justify;\">La tradizione del Corpus Domini \u00e8 iniziata nel 1208, in\u00a0Belgio, vicino Liegi, dove la beata Giuliana di Ret\u00ecne a seguito di alcune visioni mistiche inizi\u00f2 a divulgare questa devozione. Nel 1246 il vescovo di Liegi istitu\u00ec la festa in\u00a0diocesi\u00a0del Corpus Domini. L\u2019estensione della solennit\u00e0 a tutta la Chiesa per\u00f2 va fatta risalire a papa Urbano IV, con la bolla\u00a0Transiturus\u00a0dell\u201911 agosto 1264. \u00c8 dell\u2019anno precedente invece il miracolo eucaristico di Bolsena, nel Viterbese.<\/p>\n<p style=\"text-align: justify;\">\n<div class=\"radio-posizionamento-telefono-in-articoli-dopo-il-contenuto-articolo radio-entity-placement\" id=\"radio-3663867069\"><div id=\"radio-2906468419\"><a href=\"https:\/\/grupporedi.it\/\" aria-label=\"Redi-Qr\"><img loading=\"lazy\" decoding=\"async\" src=\"https:\/\/www.radioluna.it\/news\/wp-content\/uploads\/2026\/03\/Redi-Qr.jpg\" alt=\"\"  srcset=\"https:\/\/www.radioluna.it\/news\/wp-content\/uploads\/2026\/03\/Redi-Qr.jpg 800w, https:\/\/www.radioluna.it\/news\/wp-content\/uploads\/2026\/03\/Redi-Qr-768x639.jpg 768w\" sizes=\"(max-width: 800px) 100vw, 800px\" width=\"300\" height=\"250\"   \/><\/a><\/div><\/div>","protected":false},"excerpt":{"rendered":"<p>LATINA &#8211; Ieri, domenica 22 giugno, \u00a0il vescovo Mariano Crociata ha presieduto alle 19 la Messa nella cattedrale di S. Marco per la ricorrenza solenne del Santissimo Corpo e Sangue di Cristo, che ha visto in tutte le citt\u00e0 della diocesi svolgersi le tradizionali processioni. A Latina dopo la Messa, l\u2019ostensorio con il Corpo di [&hellip;]<\/p>\n","protected":false},"author":60,"featured_media":379739,"comment_status":"open","ping_status":"open","sticky":false,"template":"","format":"standard","meta":{"footnotes":""},"categories":[16,734],"tags":[],"class_list":["post-379737","post","type-post","status-publish","format-standard","has-post-thumbnail","hentry","category-appuntamenti","category-evidenza"],"_links":{"self":[{"href":"https:\/\/www.radioluna.it\/news\/wp-json\/wp\/v2\/posts\/379737","targetHints":{"allow":["GET"]}}],"collection":[{"href":"https:\/\/www.radioluna.it\/news\/wp-json\/wp\/v2\/posts"}],"about":[{"href":"https:\/\/www.radioluna.it\/news\/wp-json\/wp\/v2\/types\/post"}],"author":[{"embeddable":true,"href":"https:\/\/www.radioluna.it\/news\/wp-json\/wp\/v2\/users\/60"}],"replies":[{"embeddable":true,"href":"https:\/\/www.radioluna.it\/news\/wp-json\/wp\/v2\/comments?post=379737"}],"version-history":[{"count":1,"href":"https:\/\/www.radioluna.it\/news\/wp-json\/wp\/v2\/posts\/379737\/revisions"}],"predecessor-version":[{"id":379740,"href":"https:\/\/www.radioluna.it\/news\/wp-json\/wp\/v2\/posts\/379737\/revisions\/379740"}],"wp:featuredmedia":[{"embeddable":true,"href":"https:\/\/www.radioluna.it\/news\/wp-json\/wp\/v2\/media\/379739"}],"wp:attachment":[{"href":"https:\/\/www.radioluna.it\/news\/wp-json\/wp\/v2\/media?parent=379737"}],"wp:term":[{"taxonomy":"category","embeddable":true,"href":"https:\/\/www.radioluna.it\/news\/wp-json\/wp\/v2\/categories?post=379737"},{"taxonomy":"post_tag","embeddable":true,"href":"https:\/\/www.radioluna.it\/news\/wp-json\/wp\/v2\/tags?post=379737"}],"curies":[{"name":"wp","href":"https:\/\/api.w.org\/{rel}","templated":true}]}}