{"id":379768,"date":"2025-06-23T15:37:47","date_gmt":"2025-06-23T13:37:47","guid":{"rendered":"https:\/\/www.radioluna.it\/news\/?p=379768"},"modified":"2025-06-23T15:37:47","modified_gmt":"2025-06-23T13:37:47","slug":"cisterna-tornano-alla-luce-i-colori-originari-della-chiesa-del-cimitero","status":"publish","type":"post","link":"https:\/\/www.radioluna.it\/news\/2025\/06\/cisterna-tornano-alla-luce-i-colori-originari-della-chiesa-del-cimitero\/","title":{"rendered":"Cisterna, tornano alla luce i colori originari della chiesa del cimitero"},"content":{"rendered":"<div id=\"fb-root\"><\/div>\n<p style=\"text-align: justify;\" data-start=\"325\" data-end=\"819\">Durante i lavori di restauro in corso presso la chiesa del cimitero di Cisterna, sono riaffiorati i colori originari dell\u2019edificio sacro, suscitando l\u2019interesse della Soprintendenza Archeologia, Belle Arti e Paesaggio. La rimozione degli strati di pittura pi\u00f9 recenti ha infatti permesso di ritrovare le tinte autentiche: un giallo ocra all\u2019esterno, tipico del cromatismo ottocentesco, e all\u2019interno un rosso tenue per gli elementi architettonici, accompagnato da pareti in tonalit\u00e0 pi\u00f9 chiare.<\/p>\n<p style=\"text-align: justify;\" data-start=\"821\" data-end=\"1238\">L\u2019intervento \u2013 che rientra in un progetto di manutenzione straordinaria, consolidamento strutturale e risanamento conservativo \u2013 \u00e8 stato oggetto di un sopralluogo ufficiale da parte del soprintendente Alessandro Betori e della funzionaria Chiara Arrighi, affiancati dal direttore dei lavori Marco Bettozzi, dal dirigente comunale ai Lavori Pubblici Luca De Vincenti e dal responsabile del procedimento Antonio Tudini.<\/p>\n<p style=\"text-align: justify;\" data-start=\"1240\" data-end=\"1528\">Nel corso dei lavori \u00e8 stato anche rimosso il pavimento moderno, nel tentativo di recuperare il piancito originario, di cui per\u00f2 non \u00e8 stata trovata traccia. Nei prossimi giorni, in accordo con la Soprintendenza, si decider\u00e0 il tipo di materiale da utilizzare per la nuova pavimentazione.<\/p>\n<p style=\"text-align: justify;\" data-start=\"1530\" data-end=\"1824\">Parallelamente, prosegue lo studio dell\u2019impianto architettonico, costruito alla fine dell\u2019Ottocento ma modificato pesantemente nel secondo dopoguerra. I rilievi tecnici hanno infatti evidenziato che alcune murature non sono parte della struttura originaria, ma frutto di successivi ampliamenti.<\/p>\n<p style=\"text-align: justify;\" data-start=\"1826\" data-end=\"2229\">\u00abQuesto intervento \u2013 dichiarano il sindaco Valentino Mantini e l\u2019assessore ai Lavori Pubblici Andrea Santilli \u2013 \u00e8 parte del pi\u00f9 ampio progetto di risanamento del cimitero cittadino. Ma ha anche un forte valore simbolico, perch\u00e9 si propone di restituire alla comunit\u00e0 un edificio storico, riportandolo il pi\u00f9 possibile alle sue condizioni originarie, con il supporto e il controllo della Soprintendenza\u00bb.<\/p>\n<div class=\"radio-posizionamento-telefono-in-articoli-dopo-il-contenuto-articolo radio-entity-placement\" id=\"radio-2104788589\"><div id=\"radio-1312525492\" style=\"width: 300px;height: 250px;\"><a href=\"https:\/\/www.icarspa.it\/auto\/usate\/latina\/\" aria-label=\"banner aprile icar new life &#8211; auto usate latina\"><img loading=\"lazy\" decoding=\"async\" src=\"https:\/\/www.radioluna.it\/news\/wp-content\/uploads\/2026\/02\/banner-aprile-icar-new-life-auto-usate-latina.gif\" alt=\"\"  width=\"300\" height=\"250\"   \/><\/a><\/div><\/div>","protected":false},"excerpt":{"rendered":"<p>Durante i lavori di restauro in corso presso la chiesa del cimitero di Cisterna, sono riaffiorati i colori originari dell\u2019edificio sacro, suscitando l\u2019interesse della Soprintendenza Archeologia, Belle Arti e Paesaggio. La rimozione degli strati di pittura pi\u00f9 recenti ha infatti permesso di ritrovare le tinte autentiche: un giallo ocra all\u2019esterno, tipico del cromatismo ottocentesco, e [&hellip;]<\/p>\n","protected":false},"author":5443,"featured_media":379769,"comment_status":"open","ping_status":"open","sticky":false,"template":"","format":"standard","meta":{"footnotes":""},"categories":[7,734],"tags":[],"class_list":["post-379768","post","type-post","status-publish","format-standard","has-post-thumbnail","hentry","category-cronaca","category-evidenza"],"_links":{"self":[{"href":"https:\/\/www.radioluna.it\/news\/wp-json\/wp\/v2\/posts\/379768","targetHints":{"allow":["GET"]}}],"collection":[{"href":"https:\/\/www.radioluna.it\/news\/wp-json\/wp\/v2\/posts"}],"about":[{"href":"https:\/\/www.radioluna.it\/news\/wp-json\/wp\/v2\/types\/post"}],"author":[{"embeddable":true,"href":"https:\/\/www.radioluna.it\/news\/wp-json\/wp\/v2\/users\/5443"}],"replies":[{"embeddable":true,"href":"https:\/\/www.radioluna.it\/news\/wp-json\/wp\/v2\/comments?post=379768"}],"version-history":[{"count":1,"href":"https:\/\/www.radioluna.it\/news\/wp-json\/wp\/v2\/posts\/379768\/revisions"}],"predecessor-version":[{"id":379770,"href":"https:\/\/www.radioluna.it\/news\/wp-json\/wp\/v2\/posts\/379768\/revisions\/379770"}],"wp:featuredmedia":[{"embeddable":true,"href":"https:\/\/www.radioluna.it\/news\/wp-json\/wp\/v2\/media\/379769"}],"wp:attachment":[{"href":"https:\/\/www.radioluna.it\/news\/wp-json\/wp\/v2\/media?parent=379768"}],"wp:term":[{"taxonomy":"category","embeddable":true,"href":"https:\/\/www.radioluna.it\/news\/wp-json\/wp\/v2\/categories?post=379768"},{"taxonomy":"post_tag","embeddable":true,"href":"https:\/\/www.radioluna.it\/news\/wp-json\/wp\/v2\/tags?post=379768"}],"curies":[{"name":"wp","href":"https:\/\/api.w.org\/{rel}","templated":true}]}}