{"id":379896,"date":"2025-06-25T09:36:04","date_gmt":"2025-06-25T07:36:04","guid":{"rendered":"https:\/\/www.radioluna.it\/news\/?p=379896"},"modified":"2025-06-25T09:36:04","modified_gmt":"2025-06-25T07:36:04","slug":"il-ds-matteo-patti-saluta-il-latina-calcio-e-firma-con-lascoli","status":"publish","type":"post","link":"https:\/\/www.radioluna.it\/news\/2025\/06\/il-ds-matteo-patti-saluta-il-latina-calcio-e-firma-con-lascoli\/","title":{"rendered":"Il ds Matteo Patti saluta il Latina Calcio e firma con l&#8217;Ascoli"},"content":{"rendered":"<div id=\"fb-root\"><\/div>\n<p style=\"text-align: justify;\">LATINA\u00a0 &#8211; La notizia era nell&#8217;aria da diverse settimane, ora arriva l&#8217;ufficialit\u00e0: il Latina Calcio annuncia con una nota che \u00e8 stato risolto anticipatamente il contratto con il direttore sportivo, Matteo Patti. L\u2019originaria scadenza era prevista fra un anno, a giugno 2026. &#8220;La societ\u00e0, con l\u2019occasione &#8211; si legge nella nota del Club &#8211; \u00e8 gi\u00e0 al lavoro per individuare la figura che lo sostituir\u00e0 in tale incarico&#8221;.<\/p>\n<p>Patti ha firmato con l&#8217;Ascoli.<\/p>\n<div class=\"radio-posizionamento-telefono-in-articoli-dopo-il-contenuto-articolo radio-entity-placement\" id=\"radio-718936971\"><div id=\"radio-3690171486\" style=\"width: 300px;height: 250px;\"><a href=\"https:\/\/www.icarspa.it\/auto\/usate\/latina\/\" aria-label=\"banner aprile icar new life &#8211; auto usate latina\"><img loading=\"lazy\" decoding=\"async\" src=\"https:\/\/www.radioluna.it\/news\/wp-content\/uploads\/2026\/02\/banner-aprile-icar-new-life-auto-usate-latina.gif\" alt=\"\"  width=\"300\" height=\"250\"   \/><\/a><\/div><\/div>","protected":false},"excerpt":{"rendered":"<p>LATINA\u00a0 &#8211; La notizia era nell&#8217;aria da diverse settimane, ora arriva l&#8217;ufficialit\u00e0: il Latina Calcio annuncia con una nota che \u00e8 stato risolto anticipatamente il contratto con il direttore sportivo, Matteo Patti. L\u2019originaria scadenza era prevista fra un anno, a giugno 2026. &#8220;La societ\u00e0, con l\u2019occasione &#8211; si legge nella nota del Club &#8211; \u00e8 [&hellip;]<\/p>\n","protected":false},"author":62,"featured_media":362940,"comment_status":"open","ping_status":"open","sticky":false,"template":"","format":"standard","meta":{"footnotes":""},"categories":[734,17],"tags":[],"class_list":["post-379896","post","type-post","status-publish","format-standard","has-post-thumbnail","hentry","category-evidenza","category-sport"],"_links":{"self":[{"href":"https:\/\/www.radioluna.it\/news\/wp-json\/wp\/v2\/posts\/379896","targetHints":{"allow":["GET"]}}],"collection":[{"href":"https:\/\/www.radioluna.it\/news\/wp-json\/wp\/v2\/posts"}],"about":[{"href":"https:\/\/www.radioluna.it\/news\/wp-json\/wp\/v2\/types\/post"}],"author":[{"embeddable":true,"href":"https:\/\/www.radioluna.it\/news\/wp-json\/wp\/v2\/users\/62"}],"replies":[{"embeddable":true,"href":"https:\/\/www.radioluna.it\/news\/wp-json\/wp\/v2\/comments?post=379896"}],"version-history":[{"count":1,"href":"https:\/\/www.radioluna.it\/news\/wp-json\/wp\/v2\/posts\/379896\/revisions"}],"predecessor-version":[{"id":379897,"href":"https:\/\/www.radioluna.it\/news\/wp-json\/wp\/v2\/posts\/379896\/revisions\/379897"}],"wp:featuredmedia":[{"embeddable":true,"href":"https:\/\/www.radioluna.it\/news\/wp-json\/wp\/v2\/media\/362940"}],"wp:attachment":[{"href":"https:\/\/www.radioluna.it\/news\/wp-json\/wp\/v2\/media?parent=379896"}],"wp:term":[{"taxonomy":"category","embeddable":true,"href":"https:\/\/www.radioluna.it\/news\/wp-json\/wp\/v2\/categories?post=379896"},{"taxonomy":"post_tag","embeddable":true,"href":"https:\/\/www.radioluna.it\/news\/wp-json\/wp\/v2\/tags?post=379896"}],"curies":[{"name":"wp","href":"https:\/\/api.w.org\/{rel}","templated":true}]}}