{"id":379945,"date":"2025-06-26T08:57:39","date_gmt":"2025-06-26T06:57:39","guid":{"rendered":"https:\/\/www.radioluna.it\/news\/?p=379945"},"modified":"2025-06-29T08:34:04","modified_gmt":"2025-06-29T06:34:04","slug":"dal-liceo-classico-di-latina-un-giurato-per-il-leoncino-doro-e-francesco-dantonangelo","status":"publish","type":"post","link":"https:\/\/www.radioluna.it\/news\/2025\/06\/dal-liceo-classico-di-latina-un-giurato-per-il-leoncino-doro-e-francesco-dantonangelo\/","title":{"rendered":"Dal Liceo Classico di Latina un giurato per il Leoncino d&#8217;Oro: \u00e8 Francesco D&#8217;Antonangelo"},"content":{"rendered":"<div id=\"fb-root\"><\/div>\n<p style=\"text-align: justify;\"><strong>LATINA<\/strong> &#8211; Uno studente\u00a0 del Liceo Classico Dante Alighieri di Latina \u00e8 stato selezionato come membro della Giuria Giovani al Festival del Cinema di Venezia. Accade al termine dell&#8217;interessante percorso che un gruppo di alunni della scuola di Viale Mazzini ha compiuto durante l&#8217;anno, partecipando al progetto &#8220;Strategie dell&#8217;occhio&#8221;, sul cinema neorealista e l&#8217;analisi filmica. Un&#8217;immersione nella settimana arte fatta di incontri, laboratori e proiezioni sotto la guida di registi e interpreti.<\/p>\n<p style=\"text-align: justify;\">Proprio Francesco D&#8217;Antonangelo si \u00e8 particolarmente distinto nel percorso e ora contribuir\u00e0, con il suo giudizio, a assegnare il premio &#8220;Leoncino d&#8217;oro&#8221;, soggiornando a Venezia per dieci giorni,\u00a0 lungo tutta la durata del Festival, lavorando in una giuria formata da studentesse e studenti provenienti da tutte le regioni d&#8217;Italia.<img loading=\"lazy\" decoding=\"async\" class=\"wp-image-379947 alignright\" src=\"https:\/\/www.radioluna.it\/news\/wp-content\/uploads\/2025\/06\/WhatsApp-Image-2025-06-26-at-07.48.09.jpeg\" alt=\"\" width=\"189\" height=\"208\" srcset=\"https:\/\/www.radioluna.it\/news\/wp-content\/uploads\/2025\/06\/WhatsApp-Image-2025-06-26-at-07.48.09.jpeg 855w, https:\/\/www.radioluna.it\/news\/wp-content\/uploads\/2025\/06\/WhatsApp-Image-2025-06-26-at-07.48.09-768x848.jpeg 768w\" sizes=\"auto, (max-width: 189px) 100vw, 189px\" \/><\/p>\n<p style=\"text-align: justify;\">&#8220;La partecipazione di Francesco D&#8217;Antonangelo al Festival del Cinema di Venezia in qualit\u00e0 di giurato \u00e8 il felice esito di un anno scolastico dedicato al cinema, al suo linguaggio e alla sua capacit\u00e0 aggregante &#8211; dicono dalla scuola guidata dalla dirigente scolastica Michela Zuccaro -. Sono\u00a0 stati due i progetti portati avanti in questo ambito dalle insegnanti Donatella Baire, Norma Pitrolo, Anna Eugenia Morini e Elvira Parrocchia con il contributo di docenti esterni esperti del settore:\u00a0 &#8220;Cinematograficamente&#8221; e &#8220;Strategie dell&#8217;occhio&#8221;, rispettivamente destinati agli studenti del biennio e del triennio, e hanno rappresentato l&#8217;inizio di un nuovo corso e di una nuova politica culturale per il Liceo, che oggi pu\u00f2 contare anche sul significativo spazio dell&#8217;Odeion, l&#8217;auditorium restituito alla comunit\u00e0 scolastica e cittadina&#8221;.<\/p>\n<p>Per Francesco D&#8217;Antonangelo un premio conquistato sul campo.<\/p>\n<div class=\"radio-posizionamento-telefono-in-articoli-dopo-il-contenuto-articolo radio-entity-placement\" id=\"radio-3190954243\"><div id=\"radio-4097905845\"><a href=\"https:\/\/www.simeoneceramiche.com\/\" aria-label=\"SIMEONE CERAMICHE GIF animata per radioluna_Tavola disegno 1 copia 2 (online-video-cutter.com)\"><img loading=\"lazy\" decoding=\"async\" src=\"https:\/\/www.radioluna.it\/news\/wp-content\/uploads\/2025\/05\/SIMEONE-CERAMICHE-GIF-animata-per-radioluna_Tavola-disegno-1-copia-2-online-video-cutter.com_.gif\" alt=\"\"  width=\"300\" height=\"250\"   \/><\/a><\/div><\/div>","protected":false},"excerpt":{"rendered":"<p>LATINA &#8211; Uno studente\u00a0 del Liceo Classico Dante Alighieri di Latina \u00e8 stato selezionato come membro della Giuria Giovani al Festival del Cinema di Venezia. Accade al termine dell&#8217;interessante percorso che un gruppo di alunni della scuola di Viale Mazzini ha compiuto durante l&#8217;anno, partecipando al progetto &#8220;Strategie dell&#8217;occhio&#8221;, sul cinema neorealista e l&#8217;analisi filmica. [&hellip;]<\/p>\n","protected":false},"author":62,"featured_media":379946,"comment_status":"open","ping_status":"open","sticky":false,"template":"","format":"standard","meta":{"footnotes":""},"categories":[248],"tags":[],"class_list":["post-379945","post","type-post","status-publish","format-standard","has-post-thumbnail","hentry","category-istruzione"],"_links":{"self":[{"href":"https:\/\/www.radioluna.it\/news\/wp-json\/wp\/v2\/posts\/379945","targetHints":{"allow":["GET"]}}],"collection":[{"href":"https:\/\/www.radioluna.it\/news\/wp-json\/wp\/v2\/posts"}],"about":[{"href":"https:\/\/www.radioluna.it\/news\/wp-json\/wp\/v2\/types\/post"}],"author":[{"embeddable":true,"href":"https:\/\/www.radioluna.it\/news\/wp-json\/wp\/v2\/users\/62"}],"replies":[{"embeddable":true,"href":"https:\/\/www.radioluna.it\/news\/wp-json\/wp\/v2\/comments?post=379945"}],"version-history":[{"count":3,"href":"https:\/\/www.radioluna.it\/news\/wp-json\/wp\/v2\/posts\/379945\/revisions"}],"predecessor-version":[{"id":379954,"href":"https:\/\/www.radioluna.it\/news\/wp-json\/wp\/v2\/posts\/379945\/revisions\/379954"}],"wp:featuredmedia":[{"embeddable":true,"href":"https:\/\/www.radioluna.it\/news\/wp-json\/wp\/v2\/media\/379946"}],"wp:attachment":[{"href":"https:\/\/www.radioluna.it\/news\/wp-json\/wp\/v2\/media?parent=379945"}],"wp:term":[{"taxonomy":"category","embeddable":true,"href":"https:\/\/www.radioluna.it\/news\/wp-json\/wp\/v2\/categories?post=379945"},{"taxonomy":"post_tag","embeddable":true,"href":"https:\/\/www.radioluna.it\/news\/wp-json\/wp\/v2\/tags?post=379945"}],"curies":[{"name":"wp","href":"https:\/\/api.w.org\/{rel}","templated":true}]}}