{"id":379949,"date":"2025-06-26T08:36:36","date_gmt":"2025-06-26T06:36:36","guid":{"rendered":"https:\/\/www.radioluna.it\/news\/?p=379949"},"modified":"2025-06-29T08:35:22","modified_gmt":"2025-06-29T06:35:22","slug":"travolto-da-unauto-mentre-guida-la-e-bike-e-grave-lincidente-a-borgo-montenero","status":"publish","type":"post","link":"https:\/\/www.radioluna.it\/news\/2025\/06\/travolto-da-unauto-mentre-guida-la-e-bike-e-grave-lincidente-a-borgo-montenero\/","title":{"rendered":"Travolto da un&#8217;auto mentre guida la e-bike, \u00e8 grave. L&#8217;incidente a Borgo Montenero"},"content":{"rendered":"<div id=\"fb-root\"><\/div>\n<p style=\"text-align: justify;\"><strong>LATINA<\/strong> &#8211; \u00c8 stato ricoverato all\u2019Ospedale civile Santa Maria Goretti in prognosi riservata l\u2019uomo di 52 anni rimasto ferito nell\u2019incidente stradale avvenuto mercoled\u00ec mattina intorno alle 10.30 in via Monte Circeo nella localit\u00e0 Borgo Montenero del Comune di San Felice Circeo.<\/p>\n<p style=\"text-align: justify;\">Il 52enne \u00e8 stato investito a bordo della sua biciletta elettrica da una autovettura che sopraggiungeva facendolo cadere oltre trenta metri dal punto di impatto. A seguito dell\u2019investimento il parabrezza dell\u2019auto \u00e8 andato in frantumi e l\u2019auto ha fermato la sua corsa ben oltre il luogo dell\u2019incidente.<\/p>\n<p style=\"text-align: justify;\">Sul posto gli agenti della Polizia Locale di San Felice Circeo che hanno isolato e chiuso la strada per i rilievi del caso e per permettere agli operatori del 118 e al medico intervenuto di prestare le prime cure del caso. La Polizia Locale ha avviato gli accertamenti per ricostruire l\u2019esatta dinamica dell\u2019incidente. I mezzi coinvolti sono stati sequestrati e trasportati presso il deposito giudiziario di Terracina.<\/p>\n<div class=\"radio-posizionamento-telefono-in-articoli-dopo-il-contenuto-articolo radio-entity-placement\" id=\"radio-4001881112\"><div id=\"radio-3760996027\"><a href=\"https:\/\/www.simeoneceramiche.com\/\" aria-label=\"SIMEONE CERAMICHE GIF animata per radioluna_Tavola disegno 1 copia 2 (online-video-cutter.com)\"><img loading=\"lazy\" decoding=\"async\" src=\"https:\/\/www.radioluna.it\/news\/wp-content\/uploads\/2025\/05\/SIMEONE-CERAMICHE-GIF-animata-per-radioluna_Tavola-disegno-1-copia-2-online-video-cutter.com_.gif\" alt=\"\"  width=\"300\" height=\"250\"   \/><\/a><\/div><\/div>","protected":false},"excerpt":{"rendered":"<p>LATINA &#8211; \u00c8 stato ricoverato all\u2019Ospedale civile Santa Maria Goretti in prognosi riservata l\u2019uomo di 52 anni rimasto ferito nell\u2019incidente stradale avvenuto mercoled\u00ec mattina intorno alle 10.30 in via Monte Circeo nella localit\u00e0 Borgo Montenero del Comune di San Felice Circeo. Il 52enne \u00e8 stato investito a bordo della sua biciletta elettrica da una autovettura [&hellip;]<\/p>\n","protected":false},"author":62,"featured_media":379950,"comment_status":"open","ping_status":"open","sticky":false,"template":"","format":"standard","meta":{"footnotes":""},"categories":[7,2428],"tags":[],"class_list":["post-379949","post","type-post","status-publish","format-standard","has-post-thumbnail","hentry","category-cronaca","category-primo-piano"],"_links":{"self":[{"href":"https:\/\/www.radioluna.it\/news\/wp-json\/wp\/v2\/posts\/379949","targetHints":{"allow":["GET"]}}],"collection":[{"href":"https:\/\/www.radioluna.it\/news\/wp-json\/wp\/v2\/posts"}],"about":[{"href":"https:\/\/www.radioluna.it\/news\/wp-json\/wp\/v2\/types\/post"}],"author":[{"embeddable":true,"href":"https:\/\/www.radioluna.it\/news\/wp-json\/wp\/v2\/users\/62"}],"replies":[{"embeddable":true,"href":"https:\/\/www.radioluna.it\/news\/wp-json\/wp\/v2\/comments?post=379949"}],"version-history":[{"count":1,"href":"https:\/\/www.radioluna.it\/news\/wp-json\/wp\/v2\/posts\/379949\/revisions"}],"predecessor-version":[{"id":379952,"href":"https:\/\/www.radioluna.it\/news\/wp-json\/wp\/v2\/posts\/379949\/revisions\/379952"}],"wp:featuredmedia":[{"embeddable":true,"href":"https:\/\/www.radioluna.it\/news\/wp-json\/wp\/v2\/media\/379950"}],"wp:attachment":[{"href":"https:\/\/www.radioluna.it\/news\/wp-json\/wp\/v2\/media?parent=379949"}],"wp:term":[{"taxonomy":"category","embeddable":true,"href":"https:\/\/www.radioluna.it\/news\/wp-json\/wp\/v2\/categories?post=379949"},{"taxonomy":"post_tag","embeddable":true,"href":"https:\/\/www.radioluna.it\/news\/wp-json\/wp\/v2\/tags?post=379949"}],"curies":[{"name":"wp","href":"https:\/\/api.w.org\/{rel}","templated":true}]}}