{"id":379969,"date":"2025-06-26T10:15:09","date_gmt":"2025-06-26T08:15:09","guid":{"rendered":"https:\/\/www.radioluna.it\/news\/?p=379969"},"modified":"2025-06-29T10:02:21","modified_gmt":"2025-06-29T08:02:21","slug":"minacce-a-spinelli-calandrini-gesto-vile-che-colpisce-una-servitrice-dello-stato","status":"publish","type":"post","link":"https:\/\/www.radioluna.it\/news\/2025\/06\/minacce-a-spinelli-calandrini-gesto-vile-che-colpisce-una-servitrice-dello-stato\/","title":{"rendered":"Minacce a Spinelli, Calandrini: &#8220;Gesto vile che colpisce una servitrice dello Stato&#8221;"},"content":{"rendered":"<div id=\"fb-root\"><\/div>\n<p style=\"text-align: justify;\"><strong>LATINA<\/strong> &#8211; \u201cEsprimo piena e convinta solidariet\u00e0 al magistrato Luigia Spinelli, vittima di un grave atto intimidatorio di matrice mafiosa. Un gesto vile che colpisce una servitrice dello Stato che ha sempre operato con coraggio, seriet\u00e0 e determinazione nella difesa della legalit\u00e0, in un territorio complesso e delicato come quello di Latina\u201d. Lo dichiara <strong>il senatore Nicola Calandrini<\/strong>, presidente della Commissione Bilancio del Senato e coordinatore provinciale di Fratelli d\u2019Italia <a href=\"https:\/\/www.radioluna.it\/news\/2025\/06\/la-scorta-alla-procuratrice-luigia-spinelli-assegnata-dopo-una-minaccia-mafiosa-arrivata-da-membri-del-clan-ciarelli\/\">dopo le notizie di queste ore<\/a> sulle ragioni per le quali alcuni mesi fa, venne assegnata la scorta all&#8217;attuale Procuratrice Aggiunta di Latina.<\/p>\n<p style=\"text-align: justify;\">\u201cL\u2019azione del magistrato Spinelli rappresenta un presidio fondamentale di giustizia e legalit\u00e0 per la nostra comunit\u00e0. A Latina non pu\u00f2 e non deve esserci spazio per nessuna forma di criminalit\u00e0 organizzata. Le istituzioni devono essere unite e compatte: chi serve lo Stato, con professionalit\u00e0 e spirito di sacrificio, non deve essere lasciato solo. La risposta deve essere ferma, senza tentennamenti. Rinnovo la mia vicinanza personale e istituzionale alla dottoressa Spinelli e a tutti i magistrati e le forze dell\u2019ordine che, ogni giorno, lavorano con determinazione per garantire la sicurezza dei cittadini e la tenuta democratica del nostro Paese\u201d, conclude Calandrini.<\/p>\n<p style=\"text-align: justify;\"><strong>Tiero (Fdi)<\/strong> &#8211; &#8220;Esprimo la pi\u00f9 sincera solidariet\u00e0 al pm Luigia Spinelli, vittima di un grave atto intimidatorio di matrice mafiosa. Ho sempre avuto modo di apprezzare il lavoro portato avanti da un magistrato che svolge il proprio compito con dedizione e integrit\u00e0. Il magistrato Spinelli \u00e8 impegnato in molti processi di grande rilevanza contro la criminalit\u00e0 organizzata. A Latina ha operato con grande seriet\u00e0 facendo registrare notevoli successi. Ma soprattutto ha dimostrato un grande attaccamento al nostro territorio. Chiunque pu\u00f2 concordare sul fatto che il pm Spinelli rappresenti un autentico baluardo contro l\u2019illegalit\u00e0 e l\u2019ingiustizia. Le minacce che ha ricevuto non fanno altro che rafforzare la nostra vicinanza e il nostro sostegno nei suoi confronti. La battaglia contro la criminalit\u00e0 deve unire istituzioni, magistrati, forze dell&#8217;ordine e societ\u00e0 civile. Serve un&#8217;unica grande alleanza per far rispettare i valori di legalit\u00e0 e democrazia&#8221;, dichiara in una nota<strong> Enrico Tiero<\/strong>, vice portavoce regionale di FdI e presidente della commissione Sviluppo economico e Attivit\u00e0 produttive del Consiglio regionale del Lazio.<img loading=\"lazy\" decoding=\"async\" class=\"wp-image-333280 alignright\" src=\"https:\/\/www.radioluna.it\/news\/wp-content\/uploads\/2023\/07\/tiero-e1696939545703.jpg\" alt=\"\" width=\"297\" height=\"150\" srcset=\"https:\/\/www.radioluna.it\/news\/wp-content\/uploads\/2023\/07\/tiero-e1696939545703.jpg 1098w, https:\/\/www.radioluna.it\/news\/wp-content\/uploads\/2023\/07\/tiero-e1696939545703-768x387.jpg 768w\" sizes=\"auto, (max-width: 297px) 100vw, 297px\" \/><\/p>\n<p style=\"font-weight: 400; text-align: justify;\"><strong><img loading=\"lazy\" decoding=\"async\" class=\"wp-image-368487 alignleft\" src=\"https:\/\/www.radioluna.it\/news\/wp-content\/uploads\/2025\/01\/LA-PENNA.jpg\" alt=\"\" width=\"154\" height=\"111\" \/>La Penna (PD) &#8211; <\/strong>\u00abEsprimo la mia piena solidariet\u00e0 alla dottoressa Luigia Spinelli, alla quale \u00e8 stata assegnata la scorta a seguito di intimidazioni a cui si contesta l\u2019aggravante del metodo mafioso. A lei va il mio sostegno personale e istituzionale, per il lavoro prezioso che da anni svolge nella difesa della legalit\u00e0 sul nostro territorio. In un contesto complesso come quello di Latina, la sua azione rappresenta un punto di riferimento per tutta la comunit\u00e0 e per lo Stato. Minacce come queste richiedono una risposta chiara e unitaria: chi serve le istituzioni con seriet\u00e0, rigore e coraggio non deve essere lasciato solo. Le istituzioni devono fare fronte comune contro ogni tentativo di condizionamento da parte della criminalit\u00e0 organizzata. I valori di legalit\u00e0 si difendono con fermezza e responsabilit\u00e0\u00bb.<\/p>\n<div class=\"xdj266r x14z9mp xat24cr x1lziwak x1vvkbs x126k92a\">\n<div dir=\"auto\" style=\"text-align: justify;\"><strong>Coletta LBC<\/strong> &#8211; &#8220;Ancora una volta la Dott.ssa Luigia Spinelli \u00e8 oggetto di gravi minacce da parte dei clan. A lei va la mia piena solidariet\u00e0, personale e da consigliere &#8211; scrive in un post sui social l&#8217;ex sindaco di Latina Damiano Coletta -. Negli anni non ho mai fatto mancare il mio sostegno per il lavoro rigoroso e coraggioso che la dott.ssa Spinelli ha svolto, e continua a svolgere, in un contesto complesso e delicato come quello di Latina. La sua azione, sempre attenta ai diritti, alla legalit\u00e0 e alla tutela della cittadinanza, rappresenta un presidio fondamentale per lo Stato e per la comunit\u00e0.<\/div>\n<\/div>\n<div class=\"x14z9mp xat24cr x1lziwak x1vvkbs xtlvy1s x126k92a\" style=\"text-align: justify;\">\n<div dir=\"auto\">A chi pensa di poter intimidire chi serve le istituzioni con onest\u00e0 e dedizione, va una risposta chiara: non arretriamo di un millimetro&#8221;.<img loading=\"lazy\" decoding=\"async\" class=\"wp-image-341490 alignright\" src=\"https:\/\/www.radioluna.it\/news\/wp-content\/uploads\/2023\/11\/damiano-coletta-consiglio-comunale-28-novembre.jpg\" alt=\"\" width=\"160\" height=\"143\" srcset=\"https:\/\/www.radioluna.it\/news\/wp-content\/uploads\/2023\/11\/damiano-coletta-consiglio-comunale-28-novembre.jpg 1600w, https:\/\/www.radioluna.it\/news\/wp-content\/uploads\/2023\/11\/damiano-coletta-consiglio-comunale-28-novembre-768x687.jpg 768w, https:\/\/www.radioluna.it\/news\/wp-content\/uploads\/2023\/11\/damiano-coletta-consiglio-comunale-28-novembre-1536x1375.jpg 1536w\" sizes=\"auto, (max-width: 160px) 100vw, 160px\" \/><\/div>\n<\/div>\n<p style=\"text-align: justify;\">\n<div class=\"radio-posizionamento-telefono-in-articoli-dopo-il-contenuto-articolo radio-entity-placement\" id=\"radio-2690621626\"><div id=\"radio-1283575914\"><a href=\"https:\/\/grupporedi.it\/\" aria-label=\"Redi-Qr\"><img loading=\"lazy\" decoding=\"async\" src=\"https:\/\/www.radioluna.it\/news\/wp-content\/uploads\/2026\/03\/Redi-Qr.jpg\" alt=\"\"  srcset=\"https:\/\/www.radioluna.it\/news\/wp-content\/uploads\/2026\/03\/Redi-Qr.jpg 800w, https:\/\/www.radioluna.it\/news\/wp-content\/uploads\/2026\/03\/Redi-Qr-768x639.jpg 768w\" sizes=\"(max-width: 800px) 100vw, 800px\" width=\"300\" height=\"250\"   \/><\/a><\/div><\/div>","protected":false},"excerpt":{"rendered":"<p>LATINA &#8211; \u201cEsprimo piena e convinta solidariet\u00e0 al magistrato Luigia Spinelli, vittima di un grave atto intimidatorio di matrice mafiosa. Un gesto vile che colpisce una servitrice dello Stato che ha sempre operato con coraggio, seriet\u00e0 e determinazione nella difesa della legalit\u00e0, in un territorio complesso e delicato come quello di Latina\u201d. Lo dichiara il [&hellip;]<\/p>\n","protected":false},"author":62,"featured_media":374709,"comment_status":"open","ping_status":"open","sticky":false,"template":"","format":"standard","meta":{"footnotes":""},"categories":[8],"tags":[],"class_list":["post-379969","post","type-post","status-publish","format-standard","has-post-thumbnail","hentry","category-politica"],"_links":{"self":[{"href":"https:\/\/www.radioluna.it\/news\/wp-json\/wp\/v2\/posts\/379969","targetHints":{"allow":["GET"]}}],"collection":[{"href":"https:\/\/www.radioluna.it\/news\/wp-json\/wp\/v2\/posts"}],"about":[{"href":"https:\/\/www.radioluna.it\/news\/wp-json\/wp\/v2\/types\/post"}],"author":[{"embeddable":true,"href":"https:\/\/www.radioluna.it\/news\/wp-json\/wp\/v2\/users\/62"}],"replies":[{"embeddable":true,"href":"https:\/\/www.radioluna.it\/news\/wp-json\/wp\/v2\/comments?post=379969"}],"version-history":[{"count":6,"href":"https:\/\/www.radioluna.it\/news\/wp-json\/wp\/v2\/posts\/379969\/revisions"}],"predecessor-version":[{"id":380178,"href":"https:\/\/www.radioluna.it\/news\/wp-json\/wp\/v2\/posts\/379969\/revisions\/380178"}],"wp:featuredmedia":[{"embeddable":true,"href":"https:\/\/www.radioluna.it\/news\/wp-json\/wp\/v2\/media\/374709"}],"wp:attachment":[{"href":"https:\/\/www.radioluna.it\/news\/wp-json\/wp\/v2\/media?parent=379969"}],"wp:term":[{"taxonomy":"category","embeddable":true,"href":"https:\/\/www.radioluna.it\/news\/wp-json\/wp\/v2\/categories?post=379969"},{"taxonomy":"post_tag","embeddable":true,"href":"https:\/\/www.radioluna.it\/news\/wp-json\/wp\/v2\/tags?post=379969"}],"curies":[{"name":"wp","href":"https:\/\/api.w.org\/{rel}","templated":true}]}}