{"id":379995,"date":"2025-06-26T17:24:50","date_gmt":"2025-06-26T15:24:50","guid":{"rendered":"https:\/\/www.radioluna.it\/news\/?p=379995"},"modified":"2025-06-26T17:24:50","modified_gmt":"2025-06-26T15:24:50","slug":"cisterna-celebra-la-giornata-del-rifugiato-ho-messo-la-pace-in-valigia","status":"publish","type":"post","link":"https:\/\/www.radioluna.it\/news\/2025\/06\/cisterna-celebra-la-giornata-del-rifugiato-ho-messo-la-pace-in-valigia\/","title":{"rendered":"Cisterna celebra la Giornata del Rifugiato: \u201cHo messo la pace in valigia\u201d"},"content":{"rendered":"<div id=\"fb-root\"><\/div>\n<p style=\"text-align: justify;\" data-start=\"321\" data-end=\"763\">Venerd\u00ec 27 giugno, alle ore 17, la Corte di Palazzo Caetani ospiter\u00e0 l\u2019evento \u201cHo messo la Pace in valigia \u2013 Storie di persone e di bagagli\u201d, promosso dal Comune di Cisterna in occasione della Giornata Mondiale del Rifugiato. Un appuntamento per raccontare esperienze di accoglienza e integrazione realizzate attraverso il Progetto SAI, il Sistema di Accoglienza e Integrazione attivato in collaborazione con la cooperativa \u201cIl Quadrifoglio\u201d.<\/p>\n<p style=\"text-align: justify;\" data-start=\"765\" data-end=\"1134\">Dal 2022, Cisterna fa parte della Rete Nazionale per l\u2019Accoglienza promossa dal Ministero dell\u2019Interno, ed \u00e8 tra i Comuni italiani che accedono al Fondo Nazionale per i servizi dell\u2019asilo. Attualmente il progetto ospita 20 persone, suddivise in 8 nuclei familiari \u2013 cinque dei quali monoparentali \u2013 accolti in appartamenti sparsi in citt\u00e0, vicini ai servizi principali.\u00a0Gli ospiti arrivano da Afghanistan e Ucraina e hanno un\u2019et\u00e0 media di 38 anni: tra loro anche un bambino di 3 anni e una donna di 81. Attorno a loro ruota un sistema articolato di supporto, che coinvolge istituzioni come Prefettura, Questura, forze dell\u2019ordine, CPIA, servizi sanitari e sociali territoriali, con particolare attenzione alla salute mentale e al benessere familiare.\u00a0Il SAI di Cisterna offre servizi essenziali per l\u2019inclusione, come l\u2019apprendimento della lingua italiana, l\u2019assistenza legale, l\u2019orientamento socio-economico. Recentemente, il Ministero dell\u2019Interno ha approvato l\u2019ampliamento del progetto, che potr\u00e0 accogliere 10 persone in pi\u00f9.<\/p>\n<p style=\"text-align: justify;\" data-start=\"1799\" data-end=\"2194\">\u00abQuesto progetto \u2013 affermano il sindaco Valentino Mantini e l\u2019assessora Stefania Krilic \u2013 nasce dalla volont\u00e0 di sensibilizzare la comunit\u00e0, partendo dai pi\u00f9 giovani. Per questo, le attivit\u00e0 hanno coinvolto anche gli alunni delle classi prime della scuola secondaria di primo grado dell\u2019Istituto Monda-Volpi, con l\u2019obiettivo di educare alla diversit\u00e0, alla solidariet\u00e0 e all\u2019inclusione sociale\u00bb.<\/p>\n<div class=\"radio-posizionamento-telefono-in-articoli-dopo-il-contenuto-articolo radio-entity-placement\" id=\"radio-921643386\"><div id=\"radio-3937639525\"><a href=\"https:\/\/www.simeoneceramiche.com\/\" aria-label=\"SIMEONE CERAMICHE GIF animata per radioluna_Tavola disegno 1 copia 2 (online-video-cutter.com)\"><img loading=\"lazy\" decoding=\"async\" src=\"https:\/\/www.radioluna.it\/news\/wp-content\/uploads\/2025\/05\/SIMEONE-CERAMICHE-GIF-animata-per-radioluna_Tavola-disegno-1-copia-2-online-video-cutter.com_.gif\" alt=\"\"  width=\"300\" height=\"250\"   \/><\/a><\/div><\/div>","protected":false},"excerpt":{"rendered":"<p>Venerd\u00ec 27 giugno, alle ore 17, la Corte di Palazzo Caetani ospiter\u00e0 l\u2019evento \u201cHo messo la Pace in valigia \u2013 Storie di persone e di bagagli\u201d, promosso dal Comune di Cisterna in occasione della Giornata Mondiale del Rifugiato. Un appuntamento per raccontare esperienze di accoglienza e integrazione realizzate attraverso il Progetto SAI, il Sistema di [&hellip;]<\/p>\n","protected":false},"author":5443,"featured_media":379996,"comment_status":"open","ping_status":"open","sticky":false,"template":"","format":"standard","meta":{"footnotes":""},"categories":[16,734],"tags":[],"class_list":["post-379995","post","type-post","status-publish","format-standard","has-post-thumbnail","hentry","category-appuntamenti","category-evidenza"],"_links":{"self":[{"href":"https:\/\/www.radioluna.it\/news\/wp-json\/wp\/v2\/posts\/379995","targetHints":{"allow":["GET"]}}],"collection":[{"href":"https:\/\/www.radioluna.it\/news\/wp-json\/wp\/v2\/posts"}],"about":[{"href":"https:\/\/www.radioluna.it\/news\/wp-json\/wp\/v2\/types\/post"}],"author":[{"embeddable":true,"href":"https:\/\/www.radioluna.it\/news\/wp-json\/wp\/v2\/users\/5443"}],"replies":[{"embeddable":true,"href":"https:\/\/www.radioluna.it\/news\/wp-json\/wp\/v2\/comments?post=379995"}],"version-history":[{"count":1,"href":"https:\/\/www.radioluna.it\/news\/wp-json\/wp\/v2\/posts\/379995\/revisions"}],"predecessor-version":[{"id":379998,"href":"https:\/\/www.radioluna.it\/news\/wp-json\/wp\/v2\/posts\/379995\/revisions\/379998"}],"wp:featuredmedia":[{"embeddable":true,"href":"https:\/\/www.radioluna.it\/news\/wp-json\/wp\/v2\/media\/379996"}],"wp:attachment":[{"href":"https:\/\/www.radioluna.it\/news\/wp-json\/wp\/v2\/media?parent=379995"}],"wp:term":[{"taxonomy":"category","embeddable":true,"href":"https:\/\/www.radioluna.it\/news\/wp-json\/wp\/v2\/categories?post=379995"},{"taxonomy":"post_tag","embeddable":true,"href":"https:\/\/www.radioluna.it\/news\/wp-json\/wp\/v2\/tags?post=379995"}],"curies":[{"name":"wp","href":"https:\/\/api.w.org\/{rel}","templated":true}]}}