{"id":380056,"date":"2025-06-27T15:48:08","date_gmt":"2025-06-27T13:48:08","guid":{"rendered":"https:\/\/www.radioluna.it\/news\/?p=380056"},"modified":"2025-06-28T07:34:00","modified_gmt":"2025-06-28T05:34:00","slug":"tre-interventi-hanno-portato-a-sospensioni-rimozioni-e-sanzioni-amministrative-in-provincia-di-latina","status":"publish","type":"post","link":"https:\/\/www.radioluna.it\/news\/2025\/06\/tre-interventi-hanno-portato-a-sospensioni-rimozioni-e-sanzioni-amministrative-in-provincia-di-latina\/","title":{"rendered":"Controlli del Nas in provincia di Latina: sospensioni e sanzioni"},"content":{"rendered":"<div id=\"fb-root\"><\/div>\n<p style=\"text-align: justify;\">FONDI (LT) \u2013 A seguito di un\u2019ispezione presso un bar cittadino, finalizzata a verificare il rispetto delle normative igienico-sanitarie, i militari del NAS hanno accertato la mancata formazione del personale addetto alla manipolazione degli alimenti, nonch\u00e9 l\u2019utilizzo irregolare di una cella frigorifera e di congelatori posizionati all\u2019esterno dell\u2019attivit\u00e0 commerciale. Su segnalazione del Nucleo, il Comune di Fondi ha disposto la rimozione immediata delle attrezzature non conformi. Al titolare \u00e8 stata contestata una sanzione amministrativa di 1.000 euro.<\/p>\n<p>LATINA \u2013 Nell\u2019ambito della campagna straordinaria di controlli predisposta dal Comando Carabinieri per la Tutela della Salute di Roma in vista del Giubileo 2025, i NAS hanno effettuato un\u2019ispezione presso un Bed &amp; Breakfast della citt\u00e0, rilevando l\u2019assenza di un idoneo sistema di approvvigionamento idrico potabile. La criticit\u00e0, prontamente segnalata, ha indotto il Comune di Latina a sospendere l\u2019attivit\u00e0 ricettiva, dal valore stimato in circa 200.000 euro.<\/p>\n<p>SONNINO (LT) \u2013 Il Controllo presso un panificio ha portato alla luce gravi carenze igienico-sanitarie e strutturali. L\u2019ASL di Latina, intervenuta sul posto, ha disposto l\u2019immediata sospensione dell\u2019attivit\u00e0, il cui valore \u00e8 stato stimato in 500.000 euro. Anche in questo caso \u00e8 stata elevata una sanzione amministrativa di 1.000 euro.<\/p>\n<p>Le operazioni si inseriscono in un pi\u00f9 ampio quadro di monitoraggio e prevenzione che mira a garantire standard elevati nei servizi di ristorazione e accoglienza turistica, in un territorio che si prepara a ricevere un flusso crescente di visitatori in occasione di importanti eventi religiosi e culturali.<\/p>\n<div class=\"radio-posizionamento-telefono-in-articoli-dopo-il-contenuto-articolo radio-entity-placement\" id=\"radio-1662129929\"><div id=\"radio-2413419403\"><a href=\"https:\/\/grupporedi.it\/\" aria-label=\"Redi-Qr\"><img loading=\"lazy\" decoding=\"async\" src=\"https:\/\/www.radioluna.it\/news\/wp-content\/uploads\/2026\/03\/Redi-Qr.jpg\" alt=\"\"  srcset=\"https:\/\/www.radioluna.it\/news\/wp-content\/uploads\/2026\/03\/Redi-Qr.jpg 800w, https:\/\/www.radioluna.it\/news\/wp-content\/uploads\/2026\/03\/Redi-Qr-768x639.jpg 768w\" sizes=\"(max-width: 800px) 100vw, 800px\" width=\"300\" height=\"250\"   \/><\/a><\/div><\/div>","protected":false},"excerpt":{"rendered":"<p>FONDI (LT) \u2013 A seguito di un\u2019ispezione presso un bar cittadino, finalizzata a verificare il rispetto delle normative igienico-sanitarie, i militari del NAS hanno accertato la mancata formazione del personale addetto alla manipolazione degli alimenti, nonch\u00e9 l\u2019utilizzo irregolare di una cella frigorifera e di congelatori posizionati all\u2019esterno dell\u2019attivit\u00e0 commerciale. Su segnalazione del Nucleo, il Comune [&hellip;]<\/p>\n","protected":false},"author":5444,"featured_media":380057,"comment_status":"open","ping_status":"open","sticky":false,"template":"","format":"standard","meta":{"footnotes":""},"categories":[2428],"tags":[],"class_list":["post-380056","post","type-post","status-publish","format-standard","has-post-thumbnail","hentry","category-primo-piano"],"_links":{"self":[{"href":"https:\/\/www.radioluna.it\/news\/wp-json\/wp\/v2\/posts\/380056","targetHints":{"allow":["GET"]}}],"collection":[{"href":"https:\/\/www.radioluna.it\/news\/wp-json\/wp\/v2\/posts"}],"about":[{"href":"https:\/\/www.radioluna.it\/news\/wp-json\/wp\/v2\/types\/post"}],"author":[{"embeddable":true,"href":"https:\/\/www.radioluna.it\/news\/wp-json\/wp\/v2\/users\/5444"}],"replies":[{"embeddable":true,"href":"https:\/\/www.radioluna.it\/news\/wp-json\/wp\/v2\/comments?post=380056"}],"version-history":[{"count":4,"href":"https:\/\/www.radioluna.it\/news\/wp-json\/wp\/v2\/posts\/380056\/revisions"}],"predecessor-version":[{"id":380084,"href":"https:\/\/www.radioluna.it\/news\/wp-json\/wp\/v2\/posts\/380056\/revisions\/380084"}],"wp:featuredmedia":[{"embeddable":true,"href":"https:\/\/www.radioluna.it\/news\/wp-json\/wp\/v2\/media\/380057"}],"wp:attachment":[{"href":"https:\/\/www.radioluna.it\/news\/wp-json\/wp\/v2\/media?parent=380056"}],"wp:term":[{"taxonomy":"category","embeddable":true,"href":"https:\/\/www.radioluna.it\/news\/wp-json\/wp\/v2\/categories?post=380056"},{"taxonomy":"post_tag","embeddable":true,"href":"https:\/\/www.radioluna.it\/news\/wp-json\/wp\/v2\/tags?post=380056"}],"curies":[{"name":"wp","href":"https:\/\/api.w.org\/{rel}","templated":true}]}}