{"id":380343,"date":"2025-07-01T18:14:41","date_gmt":"2025-07-01T16:14:41","guid":{"rendered":"https:\/\/www.radioluna.it\/news\/?p=380343"},"modified":"2025-07-03T14:09:02","modified_gmt":"2025-07-03T12:09:02","slug":"formia-festeggia-la-sua-prima-bandiera-blu-con-una-festa-sulla-spiaggia-di-vindico","status":"publish","type":"post","link":"https:\/\/www.radioluna.it\/news\/2025\/07\/formia-festeggia-la-sua-prima-bandiera-blu-con-una-festa-sulla-spiaggia-di-vindico\/","title":{"rendered":"Formia festeggia la sua prima bandiera blu con una festa sulla spiaggia di Vindicio"},"content":{"rendered":"<div id=\"fb-root\"><\/div>\n<p style=\"text-align: justify;\"><strong>FORMIA &#8211; <\/strong>Formia ha celebrato la sua prima Bandiera Blu con una festa che si \u00e8 tenuta luned\u00ec sera 30 giugno sulla spiaggia libera di Vindicio. Il riconoscimento, assegnato lo scorso 13 maggio dalla Foundation for Environmental Education (FEE) alle localit\u00e0 che si distinguono per qualit\u00e0 ambientale, gestione sostenibile e servizi, \u00e8 stato accolto con entusiasmo da cittadini, turisti, operatori balneari, associazioni e istituzioni locali.<\/p>\n<p style=\"text-align: justify;\">Sul palco, il sindaco Gianluca Taddeo, affiancato dal Vice Sindaco e Assessore al Turismo Giovanni Valerio, ha consegnato ai gestori degli stabilimenti balneari di Gianola e Vindicio le magliette celebrative, i vessilli ufficiali e i pannelli informativi personalizzati da esporre all\u2019esterno delle attivit\u00e0, sottolineando come questo traguardo rappresenti \u201cun punto di partenza verso una Formia pi\u00f9 sostenibile, accogliente e consapevole del proprio patrimonio naturale.<\/p>\n<p style=\"text-align: justify;\">\u201c\u00c8 un successo di tutta la citt\u00e0 \u2013 ha sottolineato il sindaco Taddeo \u2013 che premia anni di lavoro, scelte coraggiose e una visione chiara: rendere Formia un modello di accoglienza e sostenibilit\u00e0. Ma questo \u00e8 solo l\u2019inizio: ora abbiamo la responsabilit\u00e0 di mantenere questo standard. La Bandiera Blu \u00e8 un riconoscimento di assoluto valore, che premia la qualit\u00e0 delle nostre spiagge, l\u2019efficienza dei servizi e la sensibilit\u00e0 ambientale della nostra comunit\u00e0 \u2013 ha proseguito il sindaco Taddeo, che ha ricordato i criteri stringenti da rispettare per mantenere il riconoscimento &#8211; \u00c8 un orgoglio che vogliamo condividere con tutta la citt\u00e0. Ma \u00e8 anche una responsabilit\u00e0: da oggi in poi abbiamo il dovere di mantenere alta l\u2019attenzione, perch\u00e9 questo traguardo non sia un punto di arrivo, ma l\u2019inizio di un percorso di crescita e valorizzazione continua del nostro litorale\u201d. Presente alla cerimonia anche il commissario straordinario del Parco Riviera di Ulisse, Massimo Giovanchelli.<\/p>\n<p style=\"text-align: justify;\">La serata, condotta da Corrado Gentile, \u00e8 stata animata dalla musica live, con il DJ set di Tamashi e i Bevitori Longevi.<\/p>\n<p style=\"text-align: justify;\">&#8220;Ora la Bandiera Blu sventola su Formia, portando con s\u00e9 un messaggio chiaro &#8211; dicono dal Comune &#8211; : il mare \u00e8 una risorsa preziosa da custodire, rispettare e valorizzare ogni giorno&#8221;.<\/p>\n<p>&nbsp;<\/p>\n<p>&nbsp;<\/p>\n<p>&nbsp;<\/p>\n<p>&nbsp;<\/p>\n","protected":false},"excerpt":{"rendered":"<p>FORMIA &#8211; Formia ha celebrato la sua prima Bandiera Blu con una festa che si \u00e8 tenuta luned\u00ec sera 30 giugno sulla spiaggia libera di Vindicio. Il riconoscimento, assegnato lo scorso 13 maggio dalla Foundation for Environmental Education (FEE) alle localit\u00e0 che si distinguono per qualit\u00e0 ambientale, gestione sostenibile e servizi, \u00e8 stato accolto con [&hellip;]<\/p>\n","protected":false},"author":60,"featured_media":380350,"comment_status":"open","ping_status":"open","sticky":false,"template":"","format":"gallery","meta":{"footnotes":""},"categories":[16],"tags":[],"class_list":["post-380343","post","type-post","status-publish","format-gallery","has-post-thumbnail","hentry","category-appuntamenti","post_format-post-format-gallery"],"_links":{"self":[{"href":"https:\/\/www.radioluna.it\/news\/wp-json\/wp\/v2\/posts\/380343","targetHints":{"allow":["GET"]}}],"collection":[{"href":"https:\/\/www.radioluna.it\/news\/wp-json\/wp\/v2\/posts"}],"about":[{"href":"https:\/\/www.radioluna.it\/news\/wp-json\/wp\/v2\/types\/post"}],"author":[{"embeddable":true,"href":"https:\/\/www.radioluna.it\/news\/wp-json\/wp\/v2\/users\/60"}],"replies":[{"embeddable":true,"href":"https:\/\/www.radioluna.it\/news\/wp-json\/wp\/v2\/comments?post=380343"}],"version-history":[{"count":3,"href":"https:\/\/www.radioluna.it\/news\/wp-json\/wp\/v2\/posts\/380343\/revisions"}],"predecessor-version":[{"id":380489,"href":"https:\/\/www.radioluna.it\/news\/wp-json\/wp\/v2\/posts\/380343\/revisions\/380489"}],"wp:featuredmedia":[{"embeddable":true,"href":"https:\/\/www.radioluna.it\/news\/wp-json\/wp\/v2\/media\/380350"}],"wp:attachment":[{"href":"https:\/\/www.radioluna.it\/news\/wp-json\/wp\/v2\/media?parent=380343"}],"wp:term":[{"taxonomy":"category","embeddable":true,"href":"https:\/\/www.radioluna.it\/news\/wp-json\/wp\/v2\/categories?post=380343"},{"taxonomy":"post_tag","embeddable":true,"href":"https:\/\/www.radioluna.it\/news\/wp-json\/wp\/v2\/tags?post=380343"}],"curies":[{"name":"wp","href":"https:\/\/api.w.org\/{rel}","templated":true}]}}