{"id":380450,"date":"2025-07-02T17:26:09","date_gmt":"2025-07-02T15:26:09","guid":{"rendered":"https:\/\/www.radioluna.it\/news\/?p=380450"},"modified":"2025-07-03T14:02:38","modified_gmt":"2025-07-03T12:02:38","slug":"cisterna-volley-landon-currie-e-il-nuovo-libero","status":"publish","type":"post","link":"https:\/\/www.radioluna.it\/news\/2025\/07\/cisterna-volley-landon-currie-e-il-nuovo-libero\/","title":{"rendered":"Cisterna Volley, Landon Currie \u00e8 il nuovo libero"},"content":{"rendered":"<div id=\"fb-root\"><\/div>\n<p style=\"text-align: justify;\">Landon Currie \u00e8 il nuovo libero del Cisterna Volley. Atleta canadese, profilo internazionale, arriva in Italia per affrontare la sua prima stagione in Superlega Credem Banca dopo essere stato protagonista prima in Francia con la maglia del Nice e poi in Belgio con la formazione del VC Greenyard Maaseik, con cui ha concluso l\u2019ultima stagione al quarto posto nella Belgian League, dopo essersi unito al collettivo nel finale della stagione 23\/24 . Classe 1999, 175 cm, originario di Vernon (Canada), Landon porta con s\u00e9 un profilo internazionale e una carriera in costante crescita. Ha mosso i primi passi alla TRU WolfPack di Kamloops, per poi proseguire alla Golden Bears dell\u2019Universit\u00e0 di Alberta a Edmonton, prima di vivere un proficuo biennio in Europa.<\/p>\n<p style=\"text-align: justify;\">\u00abAll&#8217;inizio \u00e8 stata una vera sorpresa scoprire che avrei giocato in Italia la prossima stagione, ma ovviamente sono molto entusiasta &#8211; racconta il nuovo libero del Cisterna Volley &#8211; Ho l&#8217;opportunit\u00e0 di confrontarmi con uno dei campionati migliori al mondo, ed \u00e8 qualcosa che sognavo da tempo e di cui sono molto felice. Ho gi\u00e0 avuto un piccolo assaggio dell\u2019Italia: la cultura, le persone, il cibo, tutto mi ha affascinato e non vedo l\u2019ora di viverlo pienamente con la maglia del Cisterna Volley. Sto gi\u00e0 provando a familiarizzare con la lingua, sono pronto e motivato per cimentarmi in un contesto diverso da quelli che ho vissuto fino ad ora\u00bb.<\/p>\n<p style=\"text-align: justify;\">Currie \u00e8 uno dei volti nuovi della prossima stagione, insieme a Daniel Muniz uno dei due esordienti nel campionato di Superlega, portando in dote al collettivo pontino una pluriennale esperienza internazionale, accumulata anche nelle diverse convocazioni con la maglia del Canada, con cui ha conquistato nel 2024 anche la qualificazione alle Olimpiadi di Parigi. Proprio nell\u2019ultimo periodo Currie \u00e8 stato protagonista in VNL con la propria nazionale:\u00ab Per essere sincero, in questo momento non conosco ancora a fondo la squadra o i miei compagni, ma ho gi\u00e0 avuto modo di parlare con l\u2019allenatore Daniele Morato e le sensazioni sono molto positive. Sono entusiasta di unirmi a un club ambizioso come Cisterna. Conosco alcuni giocatori canadesi che hanno giocato al Palasport di Viale delle Provincie in passato e me ne hanno parlato molto bene, sia dell\u2019organizzazione del club che del calore del nostro pubblico: questo mi ha dato ancora pi\u00f9 motivazione a far parte di questo progetto\u00bb.<\/p>\n<p style=\"text-align: justify;\">Currie \u00e8 stato nominato miglior libero alla Pan American Cup U21 del 2019 e nel 2023 ha conquistato la medaglia d\u2019argento con la Nazionale canadese al NORCECA. \u00abIl mio stile di gioco? Credo che il mio modo di giocare si riconosca facilmente: porto molta energia in campo, sono un giocatore che ci mette tanta passione in ogni cosa perch\u00e8 mi piace trasmettere emozioni. Dopo ogni punto corro, incito con la voce e in generale coinvolgo sia i compagni che i tifosi. Tecnicamente mi impegno a dare sempre il massimo, ma soprattutto voglio essere un punto di riferimento per grinta e intensit\u00e0. Vorrei che i nostri tifosi sentano la mia voglia di vincere e di lottare su ogni pallone in ogni singolo scambio\u00bb.<\/p>\n","protected":false},"excerpt":{"rendered":"<p>Landon Currie \u00e8 il nuovo libero del Cisterna Volley. Atleta canadese, profilo internazionale, arriva in Italia per affrontare la sua prima stagione in Superlega Credem Banca dopo essere stato protagonista prima in Francia con la maglia del Nice e poi in Belgio con la formazione del VC Greenyard Maaseik, con cui ha concluso l\u2019ultima stagione [&hellip;]<\/p>\n","protected":false},"author":5443,"featured_media":380451,"comment_status":"open","ping_status":"open","sticky":false,"template":"","format":"standard","meta":{"footnotes":""},"categories":[734,17],"tags":[],"class_list":["post-380450","post","type-post","status-publish","format-standard","has-post-thumbnail","hentry","category-evidenza","category-sport"],"_links":{"self":[{"href":"https:\/\/www.radioluna.it\/news\/wp-json\/wp\/v2\/posts\/380450","targetHints":{"allow":["GET"]}}],"collection":[{"href":"https:\/\/www.radioluna.it\/news\/wp-json\/wp\/v2\/posts"}],"about":[{"href":"https:\/\/www.radioluna.it\/news\/wp-json\/wp\/v2\/types\/post"}],"author":[{"embeddable":true,"href":"https:\/\/www.radioluna.it\/news\/wp-json\/wp\/v2\/users\/5443"}],"replies":[{"embeddable":true,"href":"https:\/\/www.radioluna.it\/news\/wp-json\/wp\/v2\/comments?post=380450"}],"version-history":[{"count":1,"href":"https:\/\/www.radioluna.it\/news\/wp-json\/wp\/v2\/posts\/380450\/revisions"}],"predecessor-version":[{"id":380452,"href":"https:\/\/www.radioluna.it\/news\/wp-json\/wp\/v2\/posts\/380450\/revisions\/380452"}],"wp:featuredmedia":[{"embeddable":true,"href":"https:\/\/www.radioluna.it\/news\/wp-json\/wp\/v2\/media\/380451"}],"wp:attachment":[{"href":"https:\/\/www.radioluna.it\/news\/wp-json\/wp\/v2\/media?parent=380450"}],"wp:term":[{"taxonomy":"category","embeddable":true,"href":"https:\/\/www.radioluna.it\/news\/wp-json\/wp\/v2\/categories?post=380450"},{"taxonomy":"post_tag","embeddable":true,"href":"https:\/\/www.radioluna.it\/news\/wp-json\/wp\/v2\/tags?post=380450"}],"curies":[{"name":"wp","href":"https:\/\/api.w.org\/{rel}","templated":true}]}}