{"id":380525,"date":"2025-07-03T18:22:51","date_gmt":"2025-07-03T16:22:51","guid":{"rendered":"https:\/\/www.radioluna.it\/news\/?p=380525"},"modified":"2025-07-04T14:29:36","modified_gmt":"2025-07-04T12:29:36","slug":"incendio-in-comune-ad-aprilia-tre-auto-dellente-distrutte-dalle-fiamme-riunione-in-prefettura","status":"publish","type":"post","link":"https:\/\/www.radioluna.it\/news\/2025\/07\/incendio-in-comune-ad-aprilia-tre-auto-dellente-distrutte-dalle-fiamme-riunione-in-prefettura\/","title":{"rendered":"Incendio in Comune ad Aprilia, tre auto dell&#8217;ente distrutte dalle fiamme. Riunione in prefettura"},"content":{"rendered":"<div id=\"fb-root\"><\/div>\n<p style=\"text-align: justify;\"><strong><img loading=\"lazy\" decoding=\"async\" class=\" wp-image-380526 alignleft\" src=\"https:\/\/www.radioluna.it\/news\/wp-content\/uploads\/2025\/07\/incendio2.jpg\" alt=\"\" width=\"379\" height=\"286\" \/>LATINA<\/strong> &#8211; Si \u00e8 riunito in via d&#8217;urgenza nel pomeriggio di oggi presso la prefettura di Latina il comitato provinciale per l&#8217;ordine e la sicurezza pubblica presieduto dalla prefetta Vittoria Ciaramella, anche alla presenza della procuratrice della Repubblica presso il tribunale di Latina Luigia Spinelli dopo <a href=\"https:\/\/www.radioluna.it\/news\/2025\/07\/aprilia-incendio-nella-sede-comunale-di-piazza-dei-bersaglieri-evacuata\/\">l&#8217;incendio che questa mattina \u00e8 interessato il garage della sede distaccata del comune di Aprilia in Piazza dei Bersaglieri dove si trovano diversi uffici comunali.<\/a><\/p>\n<p style=\"text-align: justify;\">Nel corso dell&#8217;incontro, al quale ha preso parte anche la commissaria straordinaria prefetta Vincenza Filippi \u00e8 emerso che l&#8217;incendio ha coinvolto tre autovetture in uso all&#8217;amministrazione comunale e che sono in corso accertamenti da parte degli organi tecnici per stabilirne la natura l&#8217;episodio, mentre proseguono le indagini sugli eventi che recentemente hanno riguardato il territorio di Aprilia, l&#8217;ultimo, la bomba esplosa in Via La Malfa le cui schegge hanno colpito un cittadino che dormiva nella sua abitazione.<\/p>\n<p style=\"text-align: justify;\">La situazione &#8211; si legge in una nota &#8211; &#8220;\u00e8 oggetto di approfondito esame da parte della delle forze di polizia coordinate dalla procura della Repubblica in un contesto gi\u00e0 particolarmente attenzionato sia sotto il profilo dell&#8217;attivit\u00e0 di contrasto ai fenomeni criminali sia sotto il profilo dell&#8217;attivit\u00e0 preventiva&#8221;. &#8220;Il prefetto\u00a0 &#8211; si legge ancora &#8211;\u00a0 ha disposto l&#8217;intensificazione dei servizi di controllo e vigilanza del territorio che grazie alla recente apertura del commissariato di pubblica sicurezza e rafforzamento del reparto territoriale dei carabinieri e della tenenza della guardia di finanza nonch\u00e9 del distaccamento di Polizia stradale consentiranno\u00a0 &#8211; conclude la nota\u00a0 &#8211; di garantire una risposta pronta ed efficace alle esigenze di sicurezza del territorio&#8221;.<\/p>\n","protected":false},"excerpt":{"rendered":"<p>LATINA &#8211; Si \u00e8 riunito in via d&#8217;urgenza nel pomeriggio di oggi presso la prefettura di Latina il comitato provinciale per l&#8217;ordine e la sicurezza pubblica presieduto dalla prefetta Vittoria Ciaramella, anche alla presenza della procuratrice della Repubblica presso il tribunale di Latina Luigia Spinelli dopo l&#8217;incendio che questa mattina \u00e8 interessato il garage della [&hellip;]<\/p>\n","protected":false},"author":62,"featured_media":375960,"comment_status":"open","ping_status":"open","sticky":false,"template":"","format":"standard","meta":{"footnotes":""},"categories":[7,2428],"tags":[],"class_list":["post-380525","post","type-post","status-publish","format-standard","has-post-thumbnail","hentry","category-cronaca","category-primo-piano"],"_links":{"self":[{"href":"https:\/\/www.radioluna.it\/news\/wp-json\/wp\/v2\/posts\/380525","targetHints":{"allow":["GET"]}}],"collection":[{"href":"https:\/\/www.radioluna.it\/news\/wp-json\/wp\/v2\/posts"}],"about":[{"href":"https:\/\/www.radioluna.it\/news\/wp-json\/wp\/v2\/types\/post"}],"author":[{"embeddable":true,"href":"https:\/\/www.radioluna.it\/news\/wp-json\/wp\/v2\/users\/62"}],"replies":[{"embeddable":true,"href":"https:\/\/www.radioluna.it\/news\/wp-json\/wp\/v2\/comments?post=380525"}],"version-history":[{"count":2,"href":"https:\/\/www.radioluna.it\/news\/wp-json\/wp\/v2\/posts\/380525\/revisions"}],"predecessor-version":[{"id":380530,"href":"https:\/\/www.radioluna.it\/news\/wp-json\/wp\/v2\/posts\/380525\/revisions\/380530"}],"wp:featuredmedia":[{"embeddable":true,"href":"https:\/\/www.radioluna.it\/news\/wp-json\/wp\/v2\/media\/375960"}],"wp:attachment":[{"href":"https:\/\/www.radioluna.it\/news\/wp-json\/wp\/v2\/media?parent=380525"}],"wp:term":[{"taxonomy":"category","embeddable":true,"href":"https:\/\/www.radioluna.it\/news\/wp-json\/wp\/v2\/categories?post=380525"},{"taxonomy":"post_tag","embeddable":true,"href":"https:\/\/www.radioluna.it\/news\/wp-json\/wp\/v2\/tags?post=380525"}],"curies":[{"name":"wp","href":"https:\/\/api.w.org\/{rel}","templated":true}]}}