{"id":380808,"date":"2025-07-07T15:22:26","date_gmt":"2025-07-07T13:22:26","guid":{"rendered":"https:\/\/www.radioluna.it\/news\/?p=380808"},"modified":"2025-07-09T09:16:03","modified_gmt":"2025-07-09T07:16:03","slug":"latina-basket-andrea-pastore-vestira-nuovamente-la-maglia-nerazzurra","status":"publish","type":"post","link":"https:\/\/www.radioluna.it\/news\/2025\/07\/latina-basket-andrea-pastore-vestira-nuovamente-la-maglia-nerazzurra\/","title":{"rendered":"Latina Basket, Andrea Pastore vestir\u00e0 nuovamente la maglia nerazzurra"},"content":{"rendered":"<div id=\"fb-root\"><\/div>\n<p style=\"text-align: justify;\">La Benacquista Assicurazioni Latina Basket \u00e8 molto felice di comunicare\u00a0 ufficialmente il graditissimo ritorno di Andrea Pastore in maglia nerazzurra. Play-guardia classe 1994 di 185 cm per 95 kg di peso, Andrea \u00e8 un pontino doc cresciuto nel basket latinense, vestendo per 6 stagioni la maglia della Latina Basket, ed \u00e8 reduce dalla vittoria del campionato di Serie B Nazionale con la Pallacanestro Roseto guidata da Coach Franco Gramenzi. Nella stagione regolare Pastore ha messo a referto di media 7.6 punti, 1.9 rimbalzi e 2.3 assist rivelandosi uno dei punti di forza della squadra che ha dominato la categoria.<\/p>\n<p style=\"text-align: justify;\">Un primo colpo di mercato importante per il club del Commendator Lucio\u00a0 Benacquista, che si aggiudica le prestazioni di un giocatore esperto della Serie B Nazionale, nella quale milita stabilmente dal 2020 e in cui ha sempre disputato i playoff (Giulianova nel 2014-15, Roseto nelle due stagioni 202\/21 e 2021\/22, Faenza nelle due successive 2022\/23 e 2023\/24 e nuovamente Roseto nel 2024\/25).<\/p>\n<p style=\"text-align: justify;\">Tornare a Latina equivale a tornare a casa, ritrovare a Latina Coach Franco Gramenzi\u00a0 con cui ha appena vissuto una stagione da incorniciare, \u00e8 ancora pi\u00f9 emozionante, come conferma il giocatore latinense: \u00abDesidero innanzitutto ringraziare il Commendator Lucio Benacquista e tutta la sua famiglia per aver fortemente voluto il mio ritorno &#8220;a casa&#8221;, probabilmente tanto quanto lo volevo io. Sono emozionato, come lo sono stato quando nella stagione scorsa sono venuto a giocare da avversario, \u00e8 stata la prima volta da quando sono andato via e l&#8217;accoglienza ricevuta dalla famiglia Benacquista, anche in quell&#8217;occasione, \u00e8 stata bellissima. Tornare a giocare per la squadra della mia citt\u00e0 dopo 7 anni \u00e8 una sensazione meravigliosa e sono pronto a lavorare con grande impegno per provare a riportare Latina dov&#8217;era\u00bb.<\/p>\n<p style=\"text-align: justify;\">Andrea non nasconde quanto abbia inciso la presenza di Coach Gramenzi in\u00a0 panchina, sulla scelta di ritornare: \u00abSono contento e grato di poter disputare un altro campionato insieme a Franco (Coach Gramenzi, ndr) e di poterlo fare nuovamente a Latina, come gi\u00e0 accaduto negli anni scorsi nel campionato di Serie A2. Lavorare con lui \u00e8 stimolante ed \u00e8 uno dei motivi principali che mi hanno spinto ad accettare la proposta\u00bb.<\/p>\n<p style=\"text-align: justify;\">In linea con il suo carattere, la sua indole da guerriero e la sua grande voglia di portare in alto il nome di Latina, Pastore non perde l&#8217;occasione di mandare subito un messaggio a tutti gli appassionati di pallacanestro e sostenitori di Latina Basket: \u00abSappiamo bene che la chiusura del PalaBianchini, che ci auguriamo possa riaprire presto, ci metter\u00e0 in condizione di dover giocare su un altro campo, almeno nella prima parte di stagione ed \u00e8 proprio per questo che chiediamo gi\u00e0 da adesso a tutti i tifosi e gli appassionati di venire a sostenerci anche a Cisterna. Abbiamo grande entusiasmo ed energia e ci adopereremo per dare sempre il massimo e fare in modo che il pubblico possa divertirsi nel vederci giocare, ma il supporto della gente di Latina \u00e8 un valore aggiunto, il sostegno dei tifosi \u00e8 il motore trainante. Ed \u00e8 proprio perch\u00e9 non avremo un campo fisso, che avremo bisogno di maggiore aiuto, un piccolo sacrificio da parte di tutti, per puntare insieme a grandi risultati\u00bb.<\/p>\n","protected":false},"excerpt":{"rendered":"<p>La Benacquista Assicurazioni Latina Basket \u00e8 molto felice di comunicare\u00a0 ufficialmente il graditissimo ritorno di Andrea Pastore in maglia nerazzurra. Play-guardia classe 1994 di 185 cm per 95 kg di peso, Andrea \u00e8 un pontino doc cresciuto nel basket latinense, vestendo per 6 stagioni la maglia della Latina Basket, ed \u00e8 reduce dalla vittoria del [&hellip;]<\/p>\n","protected":false},"author":5443,"featured_media":380809,"comment_status":"open","ping_status":"open","sticky":false,"template":"","format":"standard","meta":{"footnotes":""},"categories":[734,17],"tags":[],"class_list":["post-380808","post","type-post","status-publish","format-standard","has-post-thumbnail","hentry","category-evidenza","category-sport"],"_links":{"self":[{"href":"https:\/\/www.radioluna.it\/news\/wp-json\/wp\/v2\/posts\/380808","targetHints":{"allow":["GET"]}}],"collection":[{"href":"https:\/\/www.radioluna.it\/news\/wp-json\/wp\/v2\/posts"}],"about":[{"href":"https:\/\/www.radioluna.it\/news\/wp-json\/wp\/v2\/types\/post"}],"author":[{"embeddable":true,"href":"https:\/\/www.radioluna.it\/news\/wp-json\/wp\/v2\/users\/5443"}],"replies":[{"embeddable":true,"href":"https:\/\/www.radioluna.it\/news\/wp-json\/wp\/v2\/comments?post=380808"}],"version-history":[{"count":1,"href":"https:\/\/www.radioluna.it\/news\/wp-json\/wp\/v2\/posts\/380808\/revisions"}],"predecessor-version":[{"id":380810,"href":"https:\/\/www.radioluna.it\/news\/wp-json\/wp\/v2\/posts\/380808\/revisions\/380810"}],"wp:featuredmedia":[{"embeddable":true,"href":"https:\/\/www.radioluna.it\/news\/wp-json\/wp\/v2\/media\/380809"}],"wp:attachment":[{"href":"https:\/\/www.radioluna.it\/news\/wp-json\/wp\/v2\/media?parent=380808"}],"wp:term":[{"taxonomy":"category","embeddable":true,"href":"https:\/\/www.radioluna.it\/news\/wp-json\/wp\/v2\/categories?post=380808"},{"taxonomy":"post_tag","embeddable":true,"href":"https:\/\/www.radioluna.it\/news\/wp-json\/wp\/v2\/tags?post=380808"}],"curies":[{"name":"wp","href":"https:\/\/api.w.org\/{rel}","templated":true}]}}