{"id":381221,"date":"2025-07-12T17:34:19","date_gmt":"2025-07-12T15:34:19","guid":{"rendered":"https:\/\/www.radioluna.it\/news\/?p=381221"},"modified":"2025-07-12T17:34:19","modified_gmt":"2025-07-12T15:34:19","slug":"latina-scontro-tra-moto-e-auto-56enne-trasportato-in-ospedale","status":"publish","type":"post","link":"https:\/\/www.radioluna.it\/news\/2025\/07\/latina-scontro-tra-moto-e-auto-56enne-trasportato-in-ospedale\/","title":{"rendered":"Latina, scontro tra moto e auto: 56enne trasportato in ospedale"},"content":{"rendered":"<div id=\"fb-root\"><\/div>\n<p style=\"text-align: justify;\" data-start=\"1253\" data-end=\"1641\">Grave incidente nella tarda serata di ieri nel centro di Latina. Poco prima delle 23, una moto e un\u2019auto si sono scontrate all\u2019incrocio tra via Alfieri e viale Cesare Augusto. Il motociclista, un uomo di 56 anni di Latina, titolare di un bar in citt\u00e0, \u00e8 stato trasportato in gravi condizioni al Santa Maria Goretti. Anche il conducente della Peugeot \u00e8 finito in ospedale in stato di choc. La dinamica \u00e8 al vaglio dei Carabinieri del Nucleo Radiomobile. Sul posto anche la Squadra Volante che interrotto temporaneamente il traffico per consentire i rilievi.<\/p>\n<p data-start=\"1253\" data-end=\"1641\">\n","protected":false},"excerpt":{"rendered":"<p>Grave incidente nella tarda serata di ieri nel centro di Latina. Poco prima delle 23, una moto e un\u2019auto si sono scontrate all\u2019incrocio tra via Alfieri e viale Cesare Augusto. Il motociclista, un uomo di 56 anni di Latina, titolare di un bar in citt\u00e0, \u00e8 stato trasportato in gravi condizioni al Santa Maria Goretti. [&hellip;]<\/p>\n","protected":false},"author":5443,"featured_media":381224,"comment_status":"open","ping_status":"open","sticky":false,"template":"","format":"standard","meta":{"footnotes":""},"categories":[7,2428],"tags":[],"class_list":["post-381221","post","type-post","status-publish","format-standard","has-post-thumbnail","hentry","category-cronaca","category-primo-piano"],"_links":{"self":[{"href":"https:\/\/www.radioluna.it\/news\/wp-json\/wp\/v2\/posts\/381221","targetHints":{"allow":["GET"]}}],"collection":[{"href":"https:\/\/www.radioluna.it\/news\/wp-json\/wp\/v2\/posts"}],"about":[{"href":"https:\/\/www.radioluna.it\/news\/wp-json\/wp\/v2\/types\/post"}],"author":[{"embeddable":true,"href":"https:\/\/www.radioluna.it\/news\/wp-json\/wp\/v2\/users\/5443"}],"replies":[{"embeddable":true,"href":"https:\/\/www.radioluna.it\/news\/wp-json\/wp\/v2\/comments?post=381221"}],"version-history":[{"count":1,"href":"https:\/\/www.radioluna.it\/news\/wp-json\/wp\/v2\/posts\/381221\/revisions"}],"predecessor-version":[{"id":381225,"href":"https:\/\/www.radioluna.it\/news\/wp-json\/wp\/v2\/posts\/381221\/revisions\/381225"}],"wp:featuredmedia":[{"embeddable":true,"href":"https:\/\/www.radioluna.it\/news\/wp-json\/wp\/v2\/media\/381224"}],"wp:attachment":[{"href":"https:\/\/www.radioluna.it\/news\/wp-json\/wp\/v2\/media?parent=381221"}],"wp:term":[{"taxonomy":"category","embeddable":true,"href":"https:\/\/www.radioluna.it\/news\/wp-json\/wp\/v2\/categories?post=381221"},{"taxonomy":"post_tag","embeddable":true,"href":"https:\/\/www.radioluna.it\/news\/wp-json\/wp\/v2\/tags?post=381221"}],"curies":[{"name":"wp","href":"https:\/\/api.w.org\/{rel}","templated":true}]}}