{"id":381932,"date":"2025-07-23T08:52:54","date_gmt":"2025-07-23T06:52:54","guid":{"rendered":"https:\/\/www.radioluna.it\/news\/?p=381932"},"modified":"2025-07-23T08:52:54","modified_gmt":"2025-07-23T06:52:54","slug":"la-sedicesima-tappa-del-giro-dellagro-pontino-opes-e-la-1-notturna-citta-di-nettuno","status":"publish","type":"post","link":"https:\/\/www.radioluna.it\/news\/2025\/07\/la-sedicesima-tappa-del-giro-dellagro-pontino-opes-e-la-1-notturna-citta-di-nettuno\/","title":{"rendered":"La sedicesima tappa del Giro dell\u2019Agro Pontino Opes \u00e8 la 1^ Notturna Citt\u00e0 di Nettuno"},"content":{"rendered":"<div id=\"fb-root\"><\/div>\n<p>NETTUNO &#8211; Una corsa che si svolger\u00e0 sotto le luci della sera, offrendo un\u2019atmosfera unica e suggestiva che arricchir\u00e0 l\u2019esperienza di atleti e spettatori, un\u2019occasione speciale per favorire l\u2019incontro tra sportivi, appassionati e cittadini. La scelta di svolgere la tappa di notte aggiunge un elemento di fascino e adrenalina, rendendo questa competizione ancora pi\u00f9 emozionante e coinvolgente. \u201cDopo diversi anni si ritorna con una gara suggestiva e che preannuncia spettacolo \u2013 commenta la Commissione Ciclistica Opes &#8211; La Notturna, gara a circuito cittadino di poco pi\u00f9 di un chilometro, ha come particolarit\u00e0 lo svolgimento al tramonto. Si svolger\u00e0 con le partenze divise tra le cinque categorie presenti nel torneo del Giro dell\u2019Agro Pontino, ovvero Rossi, Gialli, Verdi, Blu e Neri. Partir\u00e0 una categoria per volta e terminata la gara partir\u00e0 poi la categoria successiva. Nell\u2019occasione saranno anche assegnate le maglie speciali  Giro dell\u2019Agro Pontino Night fornite dallo sponsor LBW, per premiare i cinque vincitori\u201d. Occhi puntati su questa tappa, che si preannuncia come uno degli eventi pi\u00f9 attesi del Giro dell\u2019Agro Pontino Opes, dove i vincitori saranno omaggiati della maglia dedicata al giro by night. Il ritrovo \u00e8 per le ore 18 presso Piazza Cesare Battisti, Nettuno (RM), con partenza alle ore 19:30. Il percorso \u00e8 suddiviso tra le strade  Via Giacomo Matteotti, Via Amerigo Vespucci, Via Giacomo Matteotti e saranno 20 i giri da totalizzare per arrivare ai circa 25 km di tracciato previsto. La gara scaler\u00e0 nr. 5 punti.<\/p>\n","protected":false},"excerpt":{"rendered":"<p>NETTUNO &#8211; Una corsa che si svolger\u00e0 sotto le luci della sera, offrendo un\u2019atmosfera unica e suggestiva che arricchir\u00e0 l\u2019esperienza di atleti e spettatori, un\u2019occasione speciale per favorire l\u2019incontro tra sportivi, appassionati e cittadini. La scelta di svolgere la tappa di notte aggiunge un elemento di fascino e adrenalina, rendendo questa competizione ancora pi\u00f9 emozionante [&hellip;]<\/p>\n","protected":false},"author":5444,"featured_media":381933,"comment_status":"open","ping_status":"open","sticky":false,"template":"","format":"standard","meta":{"footnotes":""},"categories":[734,17],"tags":[],"class_list":["post-381932","post","type-post","status-publish","format-standard","has-post-thumbnail","hentry","category-evidenza","category-sport"],"_links":{"self":[{"href":"https:\/\/www.radioluna.it\/news\/wp-json\/wp\/v2\/posts\/381932","targetHints":{"allow":["GET"]}}],"collection":[{"href":"https:\/\/www.radioluna.it\/news\/wp-json\/wp\/v2\/posts"}],"about":[{"href":"https:\/\/www.radioluna.it\/news\/wp-json\/wp\/v2\/types\/post"}],"author":[{"embeddable":true,"href":"https:\/\/www.radioluna.it\/news\/wp-json\/wp\/v2\/users\/5444"}],"replies":[{"embeddable":true,"href":"https:\/\/www.radioluna.it\/news\/wp-json\/wp\/v2\/comments?post=381932"}],"version-history":[{"count":1,"href":"https:\/\/www.radioluna.it\/news\/wp-json\/wp\/v2\/posts\/381932\/revisions"}],"predecessor-version":[{"id":381934,"href":"https:\/\/www.radioluna.it\/news\/wp-json\/wp\/v2\/posts\/381932\/revisions\/381934"}],"wp:featuredmedia":[{"embeddable":true,"href":"https:\/\/www.radioluna.it\/news\/wp-json\/wp\/v2\/media\/381933"}],"wp:attachment":[{"href":"https:\/\/www.radioluna.it\/news\/wp-json\/wp\/v2\/media?parent=381932"}],"wp:term":[{"taxonomy":"category","embeddable":true,"href":"https:\/\/www.radioluna.it\/news\/wp-json\/wp\/v2\/categories?post=381932"},{"taxonomy":"post_tag","embeddable":true,"href":"https:\/\/www.radioluna.it\/news\/wp-json\/wp\/v2\/tags?post=381932"}],"curies":[{"name":"wp","href":"https:\/\/api.w.org\/{rel}","templated":true}]}}