{"id":381953,"date":"2025-07-23T08:18:35","date_gmt":"2025-07-23T06:18:35","guid":{"rendered":"https:\/\/www.radioluna.it\/news\/?p=381953"},"modified":"2025-07-23T08:18:35","modified_gmt":"2025-07-23T06:18:35","slug":"la-provincia-di-latina-tra-gli-enti-selezionati-per-lapertura-di-un-centro-per-la-giustizia-riparativa","status":"publish","type":"post","link":"https:\/\/www.radioluna.it\/news\/2025\/07\/la-provincia-di-latina-tra-gli-enti-selezionati-per-lapertura-di-un-centro-per-la-giustizia-riparativa\/","title":{"rendered":"La Provincia di Latina tra gli enti selezionati per l&#8217;apertura di un Centro per la Giustizia Riparativa"},"content":{"rendered":"<div id=\"fb-root\"><\/div>\n<p>Si \u00e8 svolta oggi a Roma la riunione della Conferenza Locale per la Giustizia Riparativa del distretto della Corte d\u2019Appello, organismo incaricato di individuare gli enti locali idonei a istituire e gestire i Centri per la giustizia riparativa previsti dalla riforma Cartabia (D. Lgs. 150\/2022). Al termine dell\u2019incontro, la Provincia di Latina \u00e8 stata ufficialmente individuata come uno degli enti legittimati all\u2019istituzione del Centro, insieme alla Regione Lazio, Roma Capitale e la Provincia di Rieti.<br \/>\nL\u2019apertura del Centro sar\u00e0 possibile non appena la Conferenza Nazionale ratificher\u00e0 le decisioni odierne. Seguir\u00e0 la sottoscrizione di un protocollo d\u2019intesa tra l\u2019ente provinciale e la Conferenza Locale, atto che consentir\u00e0 l\u2019avvio operativo della struttura.<br \/>\nQuesto importante risultato arriva a conclusione di un percorso lungo e articolato, che ha visto la Provincia di Latina protagonista sin dall\u2019inizio della procedura, avviata il 19 marzo 2024 con l\u2019insediamento ufficiale della Conferenza Locale. La candidatura formale dell\u2019Ente era gi\u00e0 stata presentata lo scorso 24 ottobre 2024 attraverso l\u2019adozione di un atto di indirizzo del Presidente, confermando l\u2019interesse concreto e la disponibilit\u00e0 del territorio ad accogliere un servizio tanto innovativo quanto necessario.<br \/>\n\u201cLa scelta di oggi \u2013 afferma il Presidente della Provincia di Latina, Gerardo Stefanelli \u2013 rappresenta un riconoscimento istituzionale significativo per il nostro Ente e per l\u2019intero territorio pontino. Abbiamo creduto sin da subito nel valore della giustizia riparativa come strumento per il rafforzamento della coesione sociale, per la tutela delle vittime e per la responsabilizzazione degli autori di reato. Il nostro obiettivo \u00e8 costruire una Provincia pi\u00f9 giusta, pi\u00f9 umana e pi\u00f9 sicura.\u201d<br \/>\nLa giustizia riparativa, cos\u00ec come definita dalla normativa vigente, consiste in un insieme di programmi che mettono al centro il dialogo volontario tra vittima, autore dell\u2019offesa e comunit\u00e0, con l\u2019aiuto di un mediatore esperto. Si tratta di un approccio complementare rispetto alla giustizia penale tradizionale, volto a riparare il danno e a promuovere percorsi di riconciliazione, laddove possibile.<br \/>\nLa Provincia di Latina ha alle spalle una solida esperienza in questo ambito. Dal 2006 \u00e8 parte attiva del Protocollo d\u2019Intesa per la costituzione di un Ufficio di conciliazione e riparazione in ambito penale minorile, sottoscritto con il Ministero della Giustizia (USSM di Latina), il Consultorio \u201cCrescere Insieme\u201d e il Comune di Latina. Inoltre, dal 2011 l\u2019Ente ha stipulato convenzioni con il Tribunale Ordinario per l\u2019attivazione di misure alternative alla pena, come i lavori di pubblica utilit\u00e0, gestendo dal 2018 oltre cinquanta casi nei propri settori amministrativi.<br \/>\n\u201cQuello che si \u00e8 raggiunto oggi \u00e8 il frutto di un lavoro puntuale e professionale, condotto con seriet\u00e0 dagli uffici della Provincia, che hanno partecipato a tutte le convocazioni della Conferenza Locale, trasmettendo sempre nei tempi richiesti la documentazione necessaria. \u00c8 anche la dimostrazione di come un\u2019amministrazione, quando lavora in modo serio e coerente, possa diventare punto di riferimento istituzionale per progetti di alto valore civile\u201d, ha concluso il Presidente Stefanelli.<br \/>\nL\u2019apertura del Centro per la giustizia riparativa presso la Provincia di Latina rappresenta quindi non solo un risultato istituzionale di rilievo, ma anche un segnale concreto dell\u2019impegno dell\u2019Ente nella promozione di un nuovo modello di giustizia e nella costruzione di una cultura della legalit\u00e0 che sappia coniugare responsabilit\u00e0, dialogo e reintegrazione sociale. La Provincia si prepara ora ad accogliere questa nuova sfida, consapevole del valore umano, educativo e sociale che essa porta con s\u00e9.<\/p>\n","protected":false},"excerpt":{"rendered":"<p>Si \u00e8 svolta oggi a Roma la riunione della Conferenza Locale per la Giustizia Riparativa del distretto della Corte d\u2019Appello, organismo incaricato di individuare gli enti locali idonei a istituire e gestire i Centri per la giustizia riparativa previsti dalla riforma Cartabia (D. Lgs. 150\/2022). Al termine dell\u2019incontro, la Provincia di Latina \u00e8 stata ufficialmente [&hellip;]<\/p>\n","protected":false},"author":5444,"featured_media":373882,"comment_status":"open","ping_status":"open","sticky":false,"template":"","format":"standard","meta":{"footnotes":""},"categories":[15,734],"tags":[],"class_list":["post-381953","post","type-post","status-publish","format-standard","has-post-thumbnail","hentry","category-cultura","category-evidenza"],"_links":{"self":[{"href":"https:\/\/www.radioluna.it\/news\/wp-json\/wp\/v2\/posts\/381953","targetHints":{"allow":["GET"]}}],"collection":[{"href":"https:\/\/www.radioluna.it\/news\/wp-json\/wp\/v2\/posts"}],"about":[{"href":"https:\/\/www.radioluna.it\/news\/wp-json\/wp\/v2\/types\/post"}],"author":[{"embeddable":true,"href":"https:\/\/www.radioluna.it\/news\/wp-json\/wp\/v2\/users\/5444"}],"replies":[{"embeddable":true,"href":"https:\/\/www.radioluna.it\/news\/wp-json\/wp\/v2\/comments?post=381953"}],"version-history":[{"count":1,"href":"https:\/\/www.radioluna.it\/news\/wp-json\/wp\/v2\/posts\/381953\/revisions"}],"predecessor-version":[{"id":381954,"href":"https:\/\/www.radioluna.it\/news\/wp-json\/wp\/v2\/posts\/381953\/revisions\/381954"}],"wp:featuredmedia":[{"embeddable":true,"href":"https:\/\/www.radioluna.it\/news\/wp-json\/wp\/v2\/media\/373882"}],"wp:attachment":[{"href":"https:\/\/www.radioluna.it\/news\/wp-json\/wp\/v2\/media?parent=381953"}],"wp:term":[{"taxonomy":"category","embeddable":true,"href":"https:\/\/www.radioluna.it\/news\/wp-json\/wp\/v2\/categories?post=381953"},{"taxonomy":"post_tag","embeddable":true,"href":"https:\/\/www.radioluna.it\/news\/wp-json\/wp\/v2\/tags?post=381953"}],"curies":[{"name":"wp","href":"https:\/\/api.w.org\/{rel}","templated":true}]}}