{"id":381956,"date":"2025-07-22T18:00:29","date_gmt":"2025-07-22T16:00:29","guid":{"rendered":"https:\/\/www.radioluna.it\/news\/?p=381956"},"modified":"2025-07-22T18:00:29","modified_gmt":"2025-07-22T16:00:29","slug":"voices-in-the-making-voci-che-si-fanno-palco-al-nicolosi","status":"publish","type":"post","link":"https:\/\/www.radioluna.it\/news\/2025\/07\/voices-in-the-making-voci-che-si-fanno-palco-al-nicolosi\/","title":{"rendered":"Voices in the Making, voci che si fanno palco al Nicolosi"},"content":{"rendered":"<div id=\"fb-root\"><\/div>\n<p>LATINA &#8211; VOICES IN THE MAKING \u2013 Voci che si fanno palco \u00e8 il prossimo appuntamento per Venerd\u00ec 25 luglio 2025, alle ore 21.00 con ingresso libero al  @tNICOLOSI 2025 che non \u00e8 solo musica o arte: \u00e8 una pratica culturale, un atto politico gentile. Giunta alla sua quarta edizione, la rassegna trasforma il quartiere in spazio creativo e condiviso, grazie al lavoro di Spazio Culturale Nicolosi, in collaborazione con Cooperativa Astrolabio, SAIP Formazione e Lavoro, e con il patrocinio di Comune di Latina, ATER Provincia di Latina, e il prezioso sostegno di Fondazione Roma.<br \/>\nAd accogliere la comunit\u00e0 cittadina che parteciper\u00e0 alla serata ci sar\u00e0 the JOY ARMADA di @tNICOLOSI 2025: un equipaggio umano, colorato e multilingue, fatto di presenze vere, volti che ritornano e nuove energie. Dal veterano Otello al giovanissimo Roberto, passando per Alan, Asmae, Svitlana, Zemira, Eddy, Giulia, Le\u00f2n, Futura, Gianluca\u2026 Un\u2019accoglienza spontanea, felice, senza retorica: \u00e8 la bellezza di un quartiere che si fa spazio vivo, abitato e condiviso.<\/p>\n","protected":false},"excerpt":{"rendered":"<p>LATINA &#8211; VOICES IN THE MAKING \u2013 Voci che si fanno palco \u00e8 il prossimo appuntamento per Venerd\u00ec 25 luglio 2025, alle ore 21.00 con ingresso libero al @tNICOLOSI 2025 che non \u00e8 solo musica o arte: \u00e8 una pratica culturale, un atto politico gentile. Giunta alla sua quarta edizione, la rassegna trasforma il quartiere [&hellip;]<\/p>\n","protected":false},"author":5444,"featured_media":381957,"comment_status":"open","ping_status":"open","sticky":false,"template":"","format":"standard","meta":{"footnotes":""},"categories":[16,734],"tags":[],"class_list":["post-381956","post","type-post","status-publish","format-standard","has-post-thumbnail","hentry","category-appuntamenti","category-evidenza"],"_links":{"self":[{"href":"https:\/\/www.radioluna.it\/news\/wp-json\/wp\/v2\/posts\/381956","targetHints":{"allow":["GET"]}}],"collection":[{"href":"https:\/\/www.radioluna.it\/news\/wp-json\/wp\/v2\/posts"}],"about":[{"href":"https:\/\/www.radioluna.it\/news\/wp-json\/wp\/v2\/types\/post"}],"author":[{"embeddable":true,"href":"https:\/\/www.radioluna.it\/news\/wp-json\/wp\/v2\/users\/5444"}],"replies":[{"embeddable":true,"href":"https:\/\/www.radioluna.it\/news\/wp-json\/wp\/v2\/comments?post=381956"}],"version-history":[{"count":1,"href":"https:\/\/www.radioluna.it\/news\/wp-json\/wp\/v2\/posts\/381956\/revisions"}],"predecessor-version":[{"id":381958,"href":"https:\/\/www.radioluna.it\/news\/wp-json\/wp\/v2\/posts\/381956\/revisions\/381958"}],"wp:featuredmedia":[{"embeddable":true,"href":"https:\/\/www.radioluna.it\/news\/wp-json\/wp\/v2\/media\/381957"}],"wp:attachment":[{"href":"https:\/\/www.radioluna.it\/news\/wp-json\/wp\/v2\/media?parent=381956"}],"wp:term":[{"taxonomy":"category","embeddable":true,"href":"https:\/\/www.radioluna.it\/news\/wp-json\/wp\/v2\/categories?post=381956"},{"taxonomy":"post_tag","embeddable":true,"href":"https:\/\/www.radioluna.it\/news\/wp-json\/wp\/v2\/tags?post=381956"}],"curies":[{"name":"wp","href":"https:\/\/api.w.org\/{rel}","templated":true}]}}