{"id":382730,"date":"2025-08-02T17:04:30","date_gmt":"2025-08-02T15:04:30","guid":{"rendered":"https:\/\/www.radioluna.it\/news\/?p=382730"},"modified":"2025-08-03T12:44:45","modified_gmt":"2025-08-03T10:44:45","slug":"latina-prima-tranche-di-lavori-di-rifacimento-del-manto-stradale","status":"publish","type":"post","link":"https:\/\/www.radioluna.it\/news\/2025\/08\/latina-prima-tranche-di-lavori-di-rifacimento-del-manto-stradale\/","title":{"rendered":"Latina, prima tranche di lavori di rifacimento del manto stradale"},"content":{"rendered":"<div id=\"fb-root\"><\/div>\n<p style=\"text-align: justify;\" data-start=\"326\" data-end=\"695\">Sono iniziati nella notte i lavori di rifacimento del manto stradale su alcune arterie principali del territorio comunale di Latina, nell\u2019ambito di un piano di manutenzione straordinaria promosso dall\u2019amministrazione per migliorare la sicurezza e la viabilit\u00e0 cittadina. Il primo intervento ha riguardato via Sant\u2019Agostino, che da tempo necessitava di riqualificazione.\u00a0Nei prossimi giorni i lavori proseguiranno su via Priverno e su strada Torre La Felce. Tutti gli interventi saranno realizzati in orario notturno, cos\u00ec da limitare i disagi alla circolazione durante il giorno. Questa prima fase si concluder\u00e0 entro Ferragosto.<\/p>\n<p style=\"text-align: justify;\" data-start=\"958\" data-end=\"1254\">La seconda tranche partir\u00e0 a fine agosto e interesser\u00e0 ulteriori vie: via Napoleone Bonaparte, via Leonardo Da Vinci, via Fiuggi, via Carrara, via Corelli e via dei Salici, con completamento previsto entro met\u00e0 settembre. L\u2019intero programma prevede un investimento comunale di circa 566mila euro.<\/p>\n<p style=\"text-align: justify;\" data-start=\"1256\" data-end=\"1705\">\u00abSi tratta di opere molto attese, fondamentali per la sicurezza di automobilisti e pedoni \u2013 ha dichiarato il sindaco Matilde Celentano \u2013. \u00c8 un intervento concreto per migliorare la qualit\u00e0 della vita e la fruibilit\u00e0 del territorio\u00bb. Il sindaco ha ricordato che, nei mesi scorsi, altri lavori sono stati eseguiti su viale della Stazione, via del Lido, via Nascosa e sul lungomare, nell\u2019ottica di una progressiva riqualificazione delle infrastrutture.<\/p>\n<p style=\"text-align: justify;\" data-start=\"1707\" data-end=\"1996\">\u00abAbbiamo ascoltato le esigenze dei cittadini e programmato ogni intervento con attenzione\u00bb, ha aggiunto il vicesindaco e assessore ai Lavori Pubblici Massimiliano Carnevale. \u00abQuesta \u00e8 solo una parte del lavoro che stiamo portando avanti per una mobilit\u00e0 pi\u00f9 sicura, moderna ed efficiente\u00bb.<\/p>\n","protected":false},"excerpt":{"rendered":"<p>Sono iniziati nella notte i lavori di rifacimento del manto stradale su alcune arterie principali del territorio comunale di Latina, nell\u2019ambito di un piano di manutenzione straordinaria promosso dall\u2019amministrazione per migliorare la sicurezza e la viabilit\u00e0 cittadina. Il primo intervento ha riguardato via Sant\u2019Agostino, che da tempo necessitava di riqualificazione.\u00a0Nei prossimi giorni i lavori proseguiranno [&hellip;]<\/p>\n","protected":false},"author":5443,"featured_media":382731,"comment_status":"open","ping_status":"open","sticky":false,"template":"","format":"standard","meta":{"footnotes":""},"categories":[735],"tags":[],"class_list":["post-382730","post","type-post","status-publish","format-standard","has-post-thumbnail","hentry","category-attualita"],"_links":{"self":[{"href":"https:\/\/www.radioluna.it\/news\/wp-json\/wp\/v2\/posts\/382730","targetHints":{"allow":["GET"]}}],"collection":[{"href":"https:\/\/www.radioluna.it\/news\/wp-json\/wp\/v2\/posts"}],"about":[{"href":"https:\/\/www.radioluna.it\/news\/wp-json\/wp\/v2\/types\/post"}],"author":[{"embeddable":true,"href":"https:\/\/www.radioluna.it\/news\/wp-json\/wp\/v2\/users\/5443"}],"replies":[{"embeddable":true,"href":"https:\/\/www.radioluna.it\/news\/wp-json\/wp\/v2\/comments?post=382730"}],"version-history":[{"count":1,"href":"https:\/\/www.radioluna.it\/news\/wp-json\/wp\/v2\/posts\/382730\/revisions"}],"predecessor-version":[{"id":382732,"href":"https:\/\/www.radioluna.it\/news\/wp-json\/wp\/v2\/posts\/382730\/revisions\/382732"}],"wp:featuredmedia":[{"embeddable":true,"href":"https:\/\/www.radioluna.it\/news\/wp-json\/wp\/v2\/media\/382731"}],"wp:attachment":[{"href":"https:\/\/www.radioluna.it\/news\/wp-json\/wp\/v2\/media?parent=382730"}],"wp:term":[{"taxonomy":"category","embeddable":true,"href":"https:\/\/www.radioluna.it\/news\/wp-json\/wp\/v2\/categories?post=382730"},{"taxonomy":"post_tag","embeddable":true,"href":"https:\/\/www.radioluna.it\/news\/wp-json\/wp\/v2\/tags?post=382730"}],"curies":[{"name":"wp","href":"https:\/\/api.w.org\/{rel}","templated":true}]}}