{"id":383130,"date":"2025-08-08T11:40:49","date_gmt":"2025-08-08T09:40:49","guid":{"rendered":"https:\/\/www.radioluna.it\/news\/?p=383130"},"modified":"2025-08-08T15:12:54","modified_gmt":"2025-08-08T13:12:54","slug":"torna-la-tradizionale-processione-di-maria-stella-maris","status":"publish","type":"post","link":"https:\/\/www.radioluna.it\/news\/2025\/08\/torna-la-tradizionale-processione-di-maria-stella-maris\/","title":{"rendered":"Torna la tradizionale Processione di Maria Stella Maris"},"content":{"rendered":"<div id=\"fb-root\"><\/div>\n<p>LATINA &#8211; Il prossimo 15 agosto si terr\u00e0 la tradizionale Processione di Maria Stella Maris, a cura della Parrocchia Stella Maris, nell\u2019ambito della rassegna \u201cLatina Estate 2025\u201d promossa dal Comune di Latina. L\u2019evento rappresenta un momento molto atteso dalla comunit\u00e0 locale e dai tanti turisti presenti sul litorale nel giorno di Ferragosto, unendo spiritualit\u00e0 e tradizione popolare.<br \/>\n La giornata si articoler\u00e0 in due momenti distinti. Alle ore 15.30 avr\u00e0 inizio la processione via terra: la statua della Madonna partir\u00e0 dal piazzale della Chiesa Stella Maris per percorrere le seguenti strade: via Capraia, strada Lungomare, via Casilina Sud\/Nord, strada Litoranea verso Borgo Grappa, via Randa, via Velaccio, viale Antonio Pennacchi, strada Lungomare, via Capraia, con ritorno alla chiesa. Durante il passaggio della Madonnina, i residenti che lo desiderano potranno accoglierla preparando piccoli altarini lungo il percorso. A seguire, sar\u00e0 officiata dal vescovo Mariano Crociata la Santa Messa. Alle ore 19.30 avr\u00e0 inizio la processione via mare: dal porto canale di Rio Martino fino a Foce Verde, le imbarcazioni accompagneranno la statua di Maria Stella Maris lungo la costa, in un suggestivo corteo marino, che unir\u00e0 simbolicamente terra e mare nella devozione.<br \/>\n \u201cQuesta processione rappresenta un appuntamento immancabile dell\u2019estate pontina, che unisce la dimensione religiosa alla valorizzazione del nostro litorale e delle sue tradizioni \u2013 ha dichiarato l\u2019assessore al Turismo Gianluca Di Cocco \u2013. \u00c8 un momento di comunit\u00e0, di condivisione e di identit\u00e0, che ogni anno richiama centinaia di persone e rafforza il legame tra i cittadini, la fede e il territorio. Voglio rivolgere un ringraziamento particolare ai commercianti che ogni anno contribuiscono a rendere questa festa spettacolare e a tutte le forze dell\u2019ordine che hanno deciso di collaborare con i propri mezzi nautici, certo che sar\u00e0 un\u2019edizione meravigliosa. Voglio rivolgere un ringraziamento particolare ai commercianti e ai cittadini, che ogni anno contribuiscono a rendere questa festa spettacolare e a tutte le forze dell\u2019ordine che hanno deciso di collaborare con i propri mezzi nautici e non solo, certo che sar\u00e0 un\u2019edizione meravigliosa\u201d.<br \/>\n\u201cCelebrando la solennit\u00e0 dell&#8217;assunzione della Beata Vergine Maria a Ferragosto \u2013 afferma Padre Jerome Niyongabo, parroco di Stella Maris &#8211; noi ci rallegriamo e ringraziamo il nostro Dio che ci ha dato una Madre, Stella del Mare e Stella di Speranza. Vi aspettiamo il 15 agosto per le processione a terra e in mare con la Statua della Madonna Stella Maris e per la Santa Messa presieduta dal nostro Vescovo, Mons. Mariano Crociata alle ore 19.  Vorrei, a nome della parrocchia, ringraziare il nostro Sindaco e tutta  l&#8217;amministrazione del nostro Comune di Latina, e in modo speciale l&#8217;assessorato al Turismo che ci hanno accompagnato in tutte le preparazioni. Ringrazio tutti i parrocchiani  amici di Stella Maris che prendono il loro tempo e mezzi per preparare bene la festa della Madonna\u201d.<\/p>\n","protected":false},"excerpt":{"rendered":"<p>LATINA &#8211; Il prossimo 15 agosto si terr\u00e0 la tradizionale Processione di Maria Stella Maris, a cura della Parrocchia Stella Maris, nell\u2019ambito della rassegna \u201cLatina Estate 2025\u201d promossa dal Comune di Latina. L\u2019evento rappresenta un momento molto atteso dalla comunit\u00e0 locale e dai tanti turisti presenti sul litorale nel giorno di Ferragosto, unendo spiritualit\u00e0 e [&hellip;]<\/p>\n","protected":false},"author":5444,"featured_media":383131,"comment_status":"open","ping_status":"open","sticky":false,"template":"","format":"standard","meta":{"footnotes":""},"categories":[16,734],"tags":[],"class_list":["post-383130","post","type-post","status-publish","format-standard","has-post-thumbnail","hentry","category-appuntamenti","category-evidenza"],"_links":{"self":[{"href":"https:\/\/www.radioluna.it\/news\/wp-json\/wp\/v2\/posts\/383130","targetHints":{"allow":["GET"]}}],"collection":[{"href":"https:\/\/www.radioluna.it\/news\/wp-json\/wp\/v2\/posts"}],"about":[{"href":"https:\/\/www.radioluna.it\/news\/wp-json\/wp\/v2\/types\/post"}],"author":[{"embeddable":true,"href":"https:\/\/www.radioluna.it\/news\/wp-json\/wp\/v2\/users\/5444"}],"replies":[{"embeddable":true,"href":"https:\/\/www.radioluna.it\/news\/wp-json\/wp\/v2\/comments?post=383130"}],"version-history":[{"count":2,"href":"https:\/\/www.radioluna.it\/news\/wp-json\/wp\/v2\/posts\/383130\/revisions"}],"predecessor-version":[{"id":383154,"href":"https:\/\/www.radioluna.it\/news\/wp-json\/wp\/v2\/posts\/383130\/revisions\/383154"}],"wp:featuredmedia":[{"embeddable":true,"href":"https:\/\/www.radioluna.it\/news\/wp-json\/wp\/v2\/media\/383131"}],"wp:attachment":[{"href":"https:\/\/www.radioluna.it\/news\/wp-json\/wp\/v2\/media?parent=383130"}],"wp:term":[{"taxonomy":"category","embeddable":true,"href":"https:\/\/www.radioluna.it\/news\/wp-json\/wp\/v2\/categories?post=383130"},{"taxonomy":"post_tag","embeddable":true,"href":"https:\/\/www.radioluna.it\/news\/wp-json\/wp\/v2\/tags?post=383130"}],"curies":[{"name":"wp","href":"https:\/\/api.w.org\/{rel}","templated":true}]}}