{"id":383660,"date":"2025-08-15T09:11:08","date_gmt":"2025-08-15T07:11:08","guid":{"rendered":"https:\/\/www.radioluna.it\/news\/?p=383660"},"modified":"2025-08-14T17:25:51","modified_gmt":"2025-08-14T15:25:51","slug":"383660","status":"publish","type":"post","link":"https:\/\/www.radioluna.it\/news\/2025\/08\/383660\/","title":{"rendered":"Nell&#8217;Area Stella Polare sosta gratuita ma con disco orario"},"content":{"rendered":"<div id=\"fb-root\"><\/div>\n<p style=\"text-align: justify;\"><strong>TERRACINA<\/strong> &#8211; \u00a0 Nell\u2019area Stella Polare sar\u00e0 possibile parcheggiare gratuitamente ma con l\u2019utilizzo del disco orario per la durata massima di 180 minuti. Come anticipato nel corso dell\u2019ultimo Consiglio Comunale dal Sindaco di Terracina, Francesco Giannetti, \u00e8 stata infatti pubblicata ora l\u2019Ordinanza che disciplina la sosta nell\u2019area mediante l\u2019utilizzo del disco orario. Tale Ordinanza sar\u00e0 in vigore dal momento dell\u2019apposizione della idonea segnaletica verticale e istituisce la sosta gratuita a tempo limitato nell\u2019area denominata Stella Polare regolamentata mediante l\u2019utilizzo del disco orario per un tempo massimo di 180 minuti non ripetibili nella stessa area e nella stessa giornata, e sar\u00e0 valida tutti i giorni della settimana dalle ore 00:00 alle ore 24:00.<br \/>\nI contravventori incorreranno nelle sanzioni previste dal Codice della Strada.<br \/>\nLa misura si \u00e8 resa necessaria per poter intervenire sulla sosta indiscriminata in particolare dei camper, intervento da parte dell\u2019Amministrazione che fino ad oggi non \u00e8 stato possibile dal momento che la competenza \u00e8 dell\u2019attuale proprietario, l\u2019Agenzia del Demanio. L\u2019Amministrazione Comunale ha proposto la stipula di un contratto di locazione temporanea e, in attesa della quantificazione del canone, ha ottenuto il nulla all\u2019adozione di un\u2019ordinanza ai sensi del Codice della strada per poter regolamentare la sosta. Tale nulla osta era stato chiesto gi\u00e0 a giugno del 2024, ed \u00e8 stato ottenuto il 30 luglio scorso.<br \/>\nNel corso dell\u2019ultimo Consiglio Comunale il Sindaco ha anche illustrato il lavoro che si continua a fare per poter acquisire l\u2019intera area dal Demanio procedendo per due strade parallele. La prima riguarda un accordo di acquisizione gratuita dell\u2019area a fronte della cessione gratuita dell\u2019area sulla quale insiste la nuova caserma dei Vigili del Fuoco, concessa in comodato d\u2019uso oneroso. La seconda riguarda l\u2019attivazione della procedura ai sensi del D.L. 13\/2023, che prevede che i beni demaniali interessati da progetti di riqualificazione per scopi istituzionali possano essere trasferiti in propriet\u00e0, a titolo gratuito, ai Comuni che ne facciano motivata richiesta entro il 31 dicembre 2025. Il progetto \u00e8 in corso di predisposizione e sar\u00e0 sottoposto per la valutazione all\u2019Agenzia del Demanio.<\/p>\n","protected":false},"excerpt":{"rendered":"<p>TERRACINA &#8211; \u00a0 Nell\u2019area Stella Polare sar\u00e0 possibile parcheggiare gratuitamente ma con l\u2019utilizzo del disco orario per la durata massima di 180 minuti. Come anticipato nel corso dell\u2019ultimo Consiglio Comunale dal Sindaco di Terracina, Francesco Giannetti, \u00e8 stata infatti pubblicata ora l\u2019Ordinanza che disciplina la sosta nell\u2019area mediante l\u2019utilizzo del disco orario. Tale Ordinanza sar\u00e0 [&hellip;]<\/p>\n","protected":false},"author":60,"featured_media":383661,"comment_status":"open","ping_status":"open","sticky":false,"template":"","format":"standard","meta":{"footnotes":""},"categories":[735,7],"tags":[],"class_list":["post-383660","post","type-post","status-publish","format-standard","has-post-thumbnail","hentry","category-attualita","category-cronaca"],"_links":{"self":[{"href":"https:\/\/www.radioluna.it\/news\/wp-json\/wp\/v2\/posts\/383660","targetHints":{"allow":["GET"]}}],"collection":[{"href":"https:\/\/www.radioluna.it\/news\/wp-json\/wp\/v2\/posts"}],"about":[{"href":"https:\/\/www.radioluna.it\/news\/wp-json\/wp\/v2\/types\/post"}],"author":[{"embeddable":true,"href":"https:\/\/www.radioluna.it\/news\/wp-json\/wp\/v2\/users\/60"}],"replies":[{"embeddable":true,"href":"https:\/\/www.radioluna.it\/news\/wp-json\/wp\/v2\/comments?post=383660"}],"version-history":[{"count":2,"href":"https:\/\/www.radioluna.it\/news\/wp-json\/wp\/v2\/posts\/383660\/revisions"}],"predecessor-version":[{"id":383663,"href":"https:\/\/www.radioluna.it\/news\/wp-json\/wp\/v2\/posts\/383660\/revisions\/383663"}],"wp:featuredmedia":[{"embeddable":true,"href":"https:\/\/www.radioluna.it\/news\/wp-json\/wp\/v2\/media\/383661"}],"wp:attachment":[{"href":"https:\/\/www.radioluna.it\/news\/wp-json\/wp\/v2\/media?parent=383660"}],"wp:term":[{"taxonomy":"category","embeddable":true,"href":"https:\/\/www.radioluna.it\/news\/wp-json\/wp\/v2\/categories?post=383660"},{"taxonomy":"post_tag","embeddable":true,"href":"https:\/\/www.radioluna.it\/news\/wp-json\/wp\/v2\/tags?post=383660"}],"curies":[{"name":"wp","href":"https:\/\/api.w.org\/{rel}","templated":true}]}}