{"id":383684,"date":"2025-08-15T11:22:34","date_gmt":"2025-08-15T09:22:34","guid":{"rendered":"https:\/\/www.radioluna.it\/news\/?p=383684"},"modified":"2025-08-16T12:24:54","modified_gmt":"2025-08-16T10:24:54","slug":"tragedia-sulla-provinciale-per-terracina-travolto-e-ucciso-un-16enne-di-latina","status":"publish","type":"post","link":"https:\/\/www.radioluna.it\/news\/2025\/08\/tragedia-sulla-provinciale-per-terracina-travolto-e-ucciso-un-16enne-di-latina\/","title":{"rendered":"Tragedia sulla Provinciale per Terracina, travolto e ucciso un 16enne di Latina"},"content":{"rendered":"<div id=\"fb-root\"><\/div>\n<p style=\"text-align: justify;\"><strong>TERRACINA<\/strong> &#8211; Tragedia nella notte sulla provinciale per Terracina, all&#8217;altezza della pensione Anna. Erano le 3,30 circa\u00a0 \u00a0quando<a href=\"https:\/\/www.radioluna.it\/news\/2025\/08\/terracina-arrestato-il-pirata-della-strada-che-ha-ucciso-federico-salvagni\/\"> un&#8217;auto che non si \u00e8 fermata a prestare soccorso<\/a>, ha investito e ucciso un ragazzo di 16 anni di Latina, Federico Salvagni,\u00a0 che camminava\u00a0 sul margine della strada con due amici. L&#8217;incidente \u00e8 avvenuto al km 8 circa. Prognosi di 20 giorni per un secondo ragazzo; illeso un terzo, il gemello della vittima.<\/p>\n<p style=\"text-align: justify;\">Sul posto, in una zona in cui ci sono molti residence, sono arrivati polizia stradale, 118 e agenti del commissariato che hanno avviato le indagini e ricostruito la sequenza.\u00a0 Per il minorenne, un ragazzo che studiava all&#8217;Itis Marconi di Latina, non c&#8217;\u00e8 stato nulla da fare.<\/p>\n<p style=\"text-align: justify;\"><a href=\"https:\/\/www.radioluna.it\/news\/2025\/08\/terracina-arrestato-il-pirata-della-strada-che-ha-ucciso-federico-salvagni\/\">Le indagini dirette coordinate dagli agenti del Commissariato di\u00a0 Terracina,<\/a> con il supporto della Polizia Stradale, dei militari dell\u2019Arma dei Carabinieri e del personale della Polizia Locale di San Felice Circeo, che ha collaborato fornendo i dati relativi al lettore delle targhe dei veicoli in transito, hanno permesso di raccogliere elementi utili per rintracciare il veicolo coinvolto e il suo conducente ed \u00e8 stato arrestato in flagranza differita nel pomeriggio di Ferragosto, Gioacchino Sacco,\u00a0 49 anni originario di Terracina ma residente a Cassino. L\u2019uomo che ha precedenti penali, ha negato, ma la sua auto \u00e8 risultata fortemente danneggiata proprio nella parte anteriore destra con i pezzi mancanti compatibili con quelli trovati sul luogo dell\u2019incidente, e si trova ora nel carcere di Latina.<\/p>\n<p style=\"text-align: justify;\">Una tragedia che avviene su una strada ad alta frequentazione in estate, dove non ci sono marciapiedi e le persone per spostarsi a piedi sono obbligate a percorrere la provinciale, dove non ci sono dissuasori n\u00e9 limitatori di velocit\u00e0 e dove le auto spesso superano di molto i limiti di velocit\u00e0.<\/p>\n","protected":false},"excerpt":{"rendered":"<p>TERRACINA &#8211; Tragedia nella notte sulla provinciale per Terracina, all&#8217;altezza della pensione Anna. Erano le 3,30 circa\u00a0 \u00a0quando un&#8217;auto che non si \u00e8 fermata a prestare soccorso, ha investito e ucciso un ragazzo di 16 anni di Latina, Federico Salvagni,\u00a0 che camminava\u00a0 sul margine della strada con due amici. L&#8217;incidente \u00e8 avvenuto al km 8 [&hellip;]<\/p>\n","protected":false},"author":62,"featured_media":316016,"comment_status":"open","ping_status":"open","sticky":false,"template":"","format":"standard","meta":{"footnotes":""},"categories":[7,2428],"tags":[],"class_list":["post-383684","post","type-post","status-publish","format-standard","has-post-thumbnail","hentry","category-cronaca","category-primo-piano"],"_links":{"self":[{"href":"https:\/\/www.radioluna.it\/news\/wp-json\/wp\/v2\/posts\/383684","targetHints":{"allow":["GET"]}}],"collection":[{"href":"https:\/\/www.radioluna.it\/news\/wp-json\/wp\/v2\/posts"}],"about":[{"href":"https:\/\/www.radioluna.it\/news\/wp-json\/wp\/v2\/types\/post"}],"author":[{"embeddable":true,"href":"https:\/\/www.radioluna.it\/news\/wp-json\/wp\/v2\/users\/62"}],"replies":[{"embeddable":true,"href":"https:\/\/www.radioluna.it\/news\/wp-json\/wp\/v2\/comments?post=383684"}],"version-history":[{"count":8,"href":"https:\/\/www.radioluna.it\/news\/wp-json\/wp\/v2\/posts\/383684\/revisions"}],"predecessor-version":[{"id":383745,"href":"https:\/\/www.radioluna.it\/news\/wp-json\/wp\/v2\/posts\/383684\/revisions\/383745"}],"wp:featuredmedia":[{"embeddable":true,"href":"https:\/\/www.radioluna.it\/news\/wp-json\/wp\/v2\/media\/316016"}],"wp:attachment":[{"href":"https:\/\/www.radioluna.it\/news\/wp-json\/wp\/v2\/media?parent=383684"}],"wp:term":[{"taxonomy":"category","embeddable":true,"href":"https:\/\/www.radioluna.it\/news\/wp-json\/wp\/v2\/categories?post=383684"},{"taxonomy":"post_tag","embeddable":true,"href":"https:\/\/www.radioluna.it\/news\/wp-json\/wp\/v2\/tags?post=383684"}],"curies":[{"name":"wp","href":"https:\/\/api.w.org\/{rel}","templated":true}]}}