{"id":383715,"date":"2025-08-16T09:00:14","date_gmt":"2025-08-16T07:00:14","guid":{"rendered":"https:\/\/www.radioluna.it\/news\/?p=383715"},"modified":"2025-08-16T09:00:14","modified_gmt":"2025-08-16T07:00:14","slug":"investimento-mortale-celentano-la-morte-di-federico-salvagni-ferita-incolmabile","status":"publish","type":"post","link":"https:\/\/www.radioluna.it\/news\/2025\/08\/investimento-mortale-celentano-la-morte-di-federico-salvagni-ferita-incolmabile\/","title":{"rendered":"Investimento mortale, Celentano: &#8220;La morte di Federico Salvagni ferita incolmabile&#8221;"},"content":{"rendered":"<div id=\"fb-root\"><\/div>\n<p style=\"text-align: justify;\"><strong>LATINA<\/strong> &#8211;\u00a0\u201c\u00c8 con il cuore profondamente addolorato che ho appreso la notizia della tragica e prematura scomparsa di Federico Salvagni. La morte di un ragazzo cos\u00ec giovane, nel pieno della sua vita, rappresenta una ferita incolmabile per la sua famiglia, per i suoi amici e per l&#8217;intera comunit\u00e0. A nome mio, e dell&#8217;intera Amministrazione comunale di Latina, desidero esprimere le pi\u00f9 sentite condoglianze e la pi\u00f9 profonda vicinanza alla famiglia Salvagni in questo momento di indicibile dolore. Non ci sono parole sufficienti per lenire una perdita cos\u00ec grande&#8221;. Sono le parole della sindaca di Latina Matilde Celentano dopo l&#8217;investimento mortale dell&#8217;adolescente di Latina che avvenuto la mattina di Ferragosto a Terracina.<br \/>\n&#8220;Quanto accaduto nella notte di Ferragosto, lungo la provinciale che collega San Felice Circeo a Terracina &#8211; aggiunge Celentano &#8211; , ci lascia sgomenti e ci impone una riflessione seria e dolorosa sulla sicurezza delle nostre strade e sul rispetto delle regole. Un plauso alle forze dell\u2019ordine per aver rintracciato, a poche ore dall\u2019accaduto, il conducente del veicolo che ha travolto e ucciso il 16enne di Latina. Che la giustizia faccia il suo corso e che vengano accertate tutte le responsabilit\u00e0. Invito tutti a stringersi attorno alla famiglia di Federico, offrendo supporto e solidariet\u00e0. \u00c8 in momenti come questi che la nostra comunit\u00e0 deve dimostrare la sua forza e la sua capacit\u00e0 di unirsi nel dolore e nella condivisione\u201d.<\/p>\n","protected":false},"excerpt":{"rendered":"<p>LATINA &#8211;\u00a0\u201c\u00c8 con il cuore profondamente addolorato che ho appreso la notizia della tragica e prematura scomparsa di Federico Salvagni. La morte di un ragazzo cos\u00ec giovane, nel pieno della sua vita, rappresenta una ferita incolmabile per la sua famiglia, per i suoi amici e per l&#8217;intera comunit\u00e0. A nome mio, e dell&#8217;intera Amministrazione comunale [&hellip;]<\/p>\n","protected":false},"author":62,"featured_media":367324,"comment_status":"open","ping_status":"open","sticky":false,"template":"","format":"standard","meta":{"footnotes":""},"categories":[735,7],"tags":[],"class_list":["post-383715","post","type-post","status-publish","format-standard","has-post-thumbnail","hentry","category-attualita","category-cronaca"],"_links":{"self":[{"href":"https:\/\/www.radioluna.it\/news\/wp-json\/wp\/v2\/posts\/383715","targetHints":{"allow":["GET"]}}],"collection":[{"href":"https:\/\/www.radioluna.it\/news\/wp-json\/wp\/v2\/posts"}],"about":[{"href":"https:\/\/www.radioluna.it\/news\/wp-json\/wp\/v2\/types\/post"}],"author":[{"embeddable":true,"href":"https:\/\/www.radioluna.it\/news\/wp-json\/wp\/v2\/users\/62"}],"replies":[{"embeddable":true,"href":"https:\/\/www.radioluna.it\/news\/wp-json\/wp\/v2\/comments?post=383715"}],"version-history":[{"count":1,"href":"https:\/\/www.radioluna.it\/news\/wp-json\/wp\/v2\/posts\/383715\/revisions"}],"predecessor-version":[{"id":383717,"href":"https:\/\/www.radioluna.it\/news\/wp-json\/wp\/v2\/posts\/383715\/revisions\/383717"}],"wp:featuredmedia":[{"embeddable":true,"href":"https:\/\/www.radioluna.it\/news\/wp-json\/wp\/v2\/media\/367324"}],"wp:attachment":[{"href":"https:\/\/www.radioluna.it\/news\/wp-json\/wp\/v2\/media?parent=383715"}],"wp:term":[{"taxonomy":"category","embeddable":true,"href":"https:\/\/www.radioluna.it\/news\/wp-json\/wp\/v2\/categories?post=383715"},{"taxonomy":"post_tag","embeddable":true,"href":"https:\/\/www.radioluna.it\/news\/wp-json\/wp\/v2\/tags?post=383715"}],"curies":[{"name":"wp","href":"https:\/\/api.w.org\/{rel}","templated":true}]}}