{"id":383858,"date":"2025-08-18T10:41:01","date_gmt":"2025-08-18T08:41:01","guid":{"rendered":"https:\/\/www.radioluna.it\/news\/?p=383858"},"modified":"2025-08-18T10:41:01","modified_gmt":"2025-08-18T08:41:01","slug":"incidente-su-via-terracina-lassociazione-familiari-e-vittime-della-strada-chiede-interventi-strutturali-sul-tratto","status":"publish","type":"post","link":"https:\/\/www.radioluna.it\/news\/2025\/08\/incidente-su-via-terracina-lassociazione-familiari-e-vittime-della-strada-chiede-interventi-strutturali-sul-tratto\/","title":{"rendered":"Incidente su Via Terracina, l&#8217;associazione familiari e vittime della strada chiede interventi strutturali sul tratto"},"content":{"rendered":"<div id=\"fb-root\"><\/div>\n<p style=\"text-align: justify;\"><strong>LATINA<\/strong> &#8211; Dissuasori di velocit\u00e0, illuminazione, marciapiedi e attraversamenti pedonali sicuri. Li chiede l\u2019Associazione Italiana Familiari e Vittime della Strada, profondamente colpita dal tragico incidente in cui\u00a0 ha perso la vita il 16enne Federico Salvagni. In una lettera aperta alle istituzioni, il rappresentate locale, Giovanni Delle Cave, che ha perso un figlio in un modo molto simile, ricorda che l&#8217;incidente avvenuto sulla provinciale San Felice -Terracina &#8220;non \u00e8, purtroppo, un caso isolato&#8221; e che &#8220;i residenti della zona hanno da tempo segnalato la pericolosit\u00e0 del tratto in questione, caratterizzato da assenza di dissuasori di velocit\u00e0, illuminazione insufficiente e mancanza di marciapiedi che consentano ai pedoni di transitare in condizioni di sicurezza&#8221;.<br \/>\n&#8220;Se tali criticit\u00e0 fossero state affrontate per tempo &#8211; dice Delle Cave &#8211; , probabilmente oggi non piangeremmo la giovane vita spezzata&#8221;.<br \/>\nDa qui la richiesta di interventi strutturali, poi la provocazione: &#8220;In assenza di azioni concrete e tempestive, chiediamo in estrema ratio la chiusura temporanea della strada interessata, fino a quando non verranno garantite le condizioni minime di sicurezza per automobilisti e pedoni&#8221;.<\/p>\n<p style=\"text-align: justify;\">Ringraziando le forze dell&#8217;ordine per il lavoro svolto nell&#8217;individuare il responsabile dell&#8217;incidente nel giro di poche ore, l&#8217;Associazione Familiari e Vittime della strada chiede anche\u00a0 &#8220;una mappatura delle strade a pi\u00f9 alto indice di pericolosit\u00e0 della provincia e\u00a0 il rafforzamento dei controlli sul territorio, cos\u00ec da scoraggiare comportamenti imprudenti e violazioni del Codice della Strada&#8221;.<br \/>\n&#8220;La nostra Associazione non smetter\u00e0 di battersi affinch\u00e9 ogni tragedia che ha colpito una comunit\u00e0 non resti vana e affinch\u00e9 nessun\u2019altra famiglia debba subire simili lutti evitabili&#8221;.<\/p>\n<div class=\"radio-posizionamento-telefono-in-articoli-dopo-il-contenuto-articolo radio-entity-placement\" id=\"radio-2900799382\"><div id=\"radio-1188667507\" style=\"width: 300px;height: 250px;\"><a href=\"https:\/\/www.icarspa.it\/auto\/usate\/latina\/\" aria-label=\"banner aprile icar new life &#8211; auto usate latina\"><img loading=\"lazy\" decoding=\"async\" src=\"https:\/\/www.radioluna.it\/news\/wp-content\/uploads\/2026\/02\/banner-aprile-icar-new-life-auto-usate-latina.gif\" alt=\"\"  width=\"300\" height=\"250\"   \/><\/a><\/div><\/div>","protected":false},"excerpt":{"rendered":"<p>LATINA &#8211; Dissuasori di velocit\u00e0, illuminazione, marciapiedi e attraversamenti pedonali sicuri. Li chiede l\u2019Associazione Italiana Familiari e Vittime della Strada, profondamente colpita dal tragico incidente in cui\u00a0 ha perso la vita il 16enne Federico Salvagni. In una lettera aperta alle istituzioni, il rappresentate locale, Giovanni Delle Cave, che ha perso un figlio in un modo [&hellip;]<\/p>\n","protected":false},"author":62,"featured_media":383693,"comment_status":"open","ping_status":"open","sticky":false,"template":"","format":"standard","meta":{"footnotes":""},"categories":[7,2428],"tags":[],"class_list":["post-383858","post","type-post","status-publish","format-standard","has-post-thumbnail","hentry","category-cronaca","category-primo-piano"],"_links":{"self":[{"href":"https:\/\/www.radioluna.it\/news\/wp-json\/wp\/v2\/posts\/383858","targetHints":{"allow":["GET"]}}],"collection":[{"href":"https:\/\/www.radioluna.it\/news\/wp-json\/wp\/v2\/posts"}],"about":[{"href":"https:\/\/www.radioluna.it\/news\/wp-json\/wp\/v2\/types\/post"}],"author":[{"embeddable":true,"href":"https:\/\/www.radioluna.it\/news\/wp-json\/wp\/v2\/users\/62"}],"replies":[{"embeddable":true,"href":"https:\/\/www.radioluna.it\/news\/wp-json\/wp\/v2\/comments?post=383858"}],"version-history":[{"count":1,"href":"https:\/\/www.radioluna.it\/news\/wp-json\/wp\/v2\/posts\/383858\/revisions"}],"predecessor-version":[{"id":383860,"href":"https:\/\/www.radioluna.it\/news\/wp-json\/wp\/v2\/posts\/383858\/revisions\/383860"}],"wp:featuredmedia":[{"embeddable":true,"href":"https:\/\/www.radioluna.it\/news\/wp-json\/wp\/v2\/media\/383693"}],"wp:attachment":[{"href":"https:\/\/www.radioluna.it\/news\/wp-json\/wp\/v2\/media?parent=383858"}],"wp:term":[{"taxonomy":"category","embeddable":true,"href":"https:\/\/www.radioluna.it\/news\/wp-json\/wp\/v2\/categories?post=383858"},{"taxonomy":"post_tag","embeddable":true,"href":"https:\/\/www.radioluna.it\/news\/wp-json\/wp\/v2\/tags?post=383858"}],"curies":[{"name":"wp","href":"https:\/\/api.w.org\/{rel}","templated":true}]}}