{"id":383923,"date":"2025-08-19T09:52:49","date_gmt":"2025-08-19T07:52:49","guid":{"rendered":"https:\/\/www.radioluna.it\/news\/?p=383923"},"modified":"2025-08-19T09:52:49","modified_gmt":"2025-08-19T07:52:49","slug":"sermoneta-in-folklore-il-festival-internazionale-accende-il-borgo-lepino","status":"publish","type":"post","link":"https:\/\/www.radioluna.it\/news\/2025\/08\/sermoneta-in-folklore-il-festival-internazionale-accende-il-borgo-lepino\/","title":{"rendered":"\u201cSermoneta in folklore\u201d: il Festival internazionale accende il borgo lepino"},"content":{"rendered":"<div id=\"fb-root\"><\/div>\n<p style=\"text-align: justify;\" data-start=\"168\" data-end=\"586\">Sermoneta torna ad aprirsi al mondo con la nona edizione del Festival internazionale <em data-start=\"292\" data-end=\"317\">\u201cSermoneta in folklore\u201d<\/em>, in programma dal 19 al 24 agosto. La rassegna \u2013 a ingresso gratuito \u2013 porta sul palcoscenico del centro storico gruppi folklorici provenienti da Cile, Portogallo, Slovacchia e Italia, nel segno dello scambio culturale e della valorizzazione delle tradizioni popolari.<\/p>\n<p style=\"text-align: justify;\" data-start=\"588\" data-end=\"1173\">Organizzato dall\u2019associazione Sbandieratori Ducato Caetani con il sostegno dell\u2019amministrazione comunale di Sermoneta e il patrocinio della Regione Lazio, il festival si aprir\u00e0 marted\u00ec 19 agosto alle 21 al Belvedere di Sermoneta con la cerimonia inaugurale e le prime esibizioni. Mercoled\u00ec 20 e gioved\u00ec 21 agosto gli spettacoli si terranno in piazza del Popolo; venerd\u00ec 22 agosto la rassegna si sposter\u00e0 a Sabaudia, sabato 23 sar\u00e0 invece ospitata a Nettuno. Gran finale domenica 24 agosto, dalle ore 20.30, con la parata delle delegazioni diretta al Belvedere per la serata conclusiva.<\/p>\n<p style=\"text-align: justify;\" data-start=\"1175\" data-end=\"1530\">A rappresentare l\u2019Italia saranno gli Sbandieratori Ducato Caetani di Sermoneta, forti di 28 anni di attivit\u00e0 nella promozione dell\u2019antica arte della bandiera. Insieme a loro si esibiranno il balletto folklorico cileno \u201cAli della mia patria\u201d Tierras Blancas, il Grupo Folklorico de Barcelinhos dal Portogallo e il Partizan Slovenska Lupca dalla Slovacchia.<\/p>\n<div class=\"radio-posizionamento-telefono-in-articoli-dopo-il-contenuto-articolo radio-entity-placement\" id=\"radio-3791924945\"><div id=\"radio-4111343810\" style=\"width: 300px;height: 250px;\"><a href=\"https:\/\/www.icarspa.it\/auto\/usate\/latina\/\" aria-label=\"banner aprile icar new life &#8211; auto usate latina\"><img loading=\"lazy\" decoding=\"async\" src=\"https:\/\/www.radioluna.it\/news\/wp-content\/uploads\/2026\/02\/banner-aprile-icar-new-life-auto-usate-latina.gif\" alt=\"\"  width=\"300\" height=\"250\"   \/><\/a><\/div><\/div>","protected":false},"excerpt":{"rendered":"<p>Sermoneta torna ad aprirsi al mondo con la nona edizione del Festival internazionale \u201cSermoneta in folklore\u201d, in programma dal 19 al 24 agosto. La rassegna \u2013 a ingresso gratuito \u2013 porta sul palcoscenico del centro storico gruppi folklorici provenienti da Cile, Portogallo, Slovacchia e Italia, nel segno dello scambio culturale e della valorizzazione delle tradizioni [&hellip;]<\/p>\n","protected":false},"author":5443,"featured_media":383924,"comment_status":"open","ping_status":"open","sticky":false,"template":"","format":"standard","meta":{"footnotes":""},"categories":[735,7],"tags":[],"class_list":["post-383923","post","type-post","status-publish","format-standard","has-post-thumbnail","hentry","category-attualita","category-cronaca"],"_links":{"self":[{"href":"https:\/\/www.radioluna.it\/news\/wp-json\/wp\/v2\/posts\/383923","targetHints":{"allow":["GET"]}}],"collection":[{"href":"https:\/\/www.radioluna.it\/news\/wp-json\/wp\/v2\/posts"}],"about":[{"href":"https:\/\/www.radioluna.it\/news\/wp-json\/wp\/v2\/types\/post"}],"author":[{"embeddable":true,"href":"https:\/\/www.radioluna.it\/news\/wp-json\/wp\/v2\/users\/5443"}],"replies":[{"embeddable":true,"href":"https:\/\/www.radioluna.it\/news\/wp-json\/wp\/v2\/comments?post=383923"}],"version-history":[{"count":1,"href":"https:\/\/www.radioluna.it\/news\/wp-json\/wp\/v2\/posts\/383923\/revisions"}],"predecessor-version":[{"id":383926,"href":"https:\/\/www.radioluna.it\/news\/wp-json\/wp\/v2\/posts\/383923\/revisions\/383926"}],"wp:featuredmedia":[{"embeddable":true,"href":"https:\/\/www.radioluna.it\/news\/wp-json\/wp\/v2\/media\/383924"}],"wp:attachment":[{"href":"https:\/\/www.radioluna.it\/news\/wp-json\/wp\/v2\/media?parent=383923"}],"wp:term":[{"taxonomy":"category","embeddable":true,"href":"https:\/\/www.radioluna.it\/news\/wp-json\/wp\/v2\/categories?post=383923"},{"taxonomy":"post_tag","embeddable":true,"href":"https:\/\/www.radioluna.it\/news\/wp-json\/wp\/v2\/tags?post=383923"}],"curies":[{"name":"wp","href":"https:\/\/api.w.org\/{rel}","templated":true}]}}