{"id":383964,"date":"2025-08-19T15:18:16","date_gmt":"2025-08-19T13:18:16","guid":{"rendered":"https:\/\/www.radioluna.it\/news\/?p=383964"},"modified":"2025-08-19T15:18:16","modified_gmt":"2025-08-19T13:18:16","slug":"per-la-benacquista-assicurazioni-latina-basket-trasferta-dallenamento-con-scafati","status":"publish","type":"post","link":"https:\/\/www.radioluna.it\/news\/2025\/08\/per-la-benacquista-assicurazioni-latina-basket-trasferta-dallenamento-con-scafati\/","title":{"rendered":"Per la Benacquista Assicurazioni Latina Basket trasferta d&#8217;allenamento con Scafati"},"content":{"rendered":"<div id=\"fb-root\"><\/div>\n<p style=\"text-align: justify;\"><strong>LATINA<\/strong> &#8211; A due settimane dall&#8217;inizio della preparazione, la Benacquista Assicurazioni Latina Basket affronta la prima trasferta d&#8217;allenamento sul parquet del PalaMangano, con i padroni di casa di Scafati Basket. Lo scrimmage \u00e8 in programma mercoled\u00ec 20 agosto alle 20 contro una squadra che milita nella massima serie Nazionale. &#8220;Per i nerazzurri sar\u00e0 un test impegnativo per iniziare a mettere minuti nelle gambe e ritmo nel gioco. L&#8217;incontro servir\u00e0 principalmente per eseguire i primi test tecnici, ma anche per valutare energia e resistenza degli atleti fuori dalle consuete sedute di allenamento&#8221;, dicono dal club in una nota.<\/p>\n<p style=\"text-align: justify;\">&#8220;Non sar\u00e0 solo un allenamento, sar\u00e0 un primo segnale del tipo di squadra che si sta delineando&#8221;, assicurano dallo staff tecnico guidato da coach Gramenzi.<\/p>\n<p style=\"text-align: justify;\">\n","protected":false},"excerpt":{"rendered":"<p>LATINA &#8211; A due settimane dall&#8217;inizio della preparazione, la Benacquista Assicurazioni Latina Basket affronta la prima trasferta d&#8217;allenamento sul parquet del PalaMangano, con i padroni di casa di Scafati Basket. Lo scrimmage \u00e8 in programma mercoled\u00ec 20 agosto alle 20 contro una squadra che milita nella massima serie Nazionale. &#8220;Per i nerazzurri sar\u00e0 un test [&hellip;]<\/p>\n","protected":false},"author":62,"featured_media":383965,"comment_status":"open","ping_status":"open","sticky":false,"template":"","format":"standard","meta":{"footnotes":""},"categories":[734,17],"tags":[],"class_list":["post-383964","post","type-post","status-publish","format-standard","has-post-thumbnail","hentry","category-evidenza","category-sport"],"_links":{"self":[{"href":"https:\/\/www.radioluna.it\/news\/wp-json\/wp\/v2\/posts\/383964","targetHints":{"allow":["GET"]}}],"collection":[{"href":"https:\/\/www.radioluna.it\/news\/wp-json\/wp\/v2\/posts"}],"about":[{"href":"https:\/\/www.radioluna.it\/news\/wp-json\/wp\/v2\/types\/post"}],"author":[{"embeddable":true,"href":"https:\/\/www.radioluna.it\/news\/wp-json\/wp\/v2\/users\/62"}],"replies":[{"embeddable":true,"href":"https:\/\/www.radioluna.it\/news\/wp-json\/wp\/v2\/comments?post=383964"}],"version-history":[{"count":1,"href":"https:\/\/www.radioluna.it\/news\/wp-json\/wp\/v2\/posts\/383964\/revisions"}],"predecessor-version":[{"id":383966,"href":"https:\/\/www.radioluna.it\/news\/wp-json\/wp\/v2\/posts\/383964\/revisions\/383966"}],"wp:featuredmedia":[{"embeddable":true,"href":"https:\/\/www.radioluna.it\/news\/wp-json\/wp\/v2\/media\/383965"}],"wp:attachment":[{"href":"https:\/\/www.radioluna.it\/news\/wp-json\/wp\/v2\/media?parent=383964"}],"wp:term":[{"taxonomy":"category","embeddable":true,"href":"https:\/\/www.radioluna.it\/news\/wp-json\/wp\/v2\/categories?post=383964"},{"taxonomy":"post_tag","embeddable":true,"href":"https:\/\/www.radioluna.it\/news\/wp-json\/wp\/v2\/tags?post=383964"}],"curies":[{"name":"wp","href":"https:\/\/api.w.org\/{rel}","templated":true}]}}